{"id":6891,"date":"2025-11-12T13:30:17","date_gmt":"2025-11-12T12:30:17","guid":{"rendered":"https:\/\/illyriantailor.com\/?p=6891"},"modified":"2026-01-19T09:52:50","modified_gmt":"2026-01-19T08:52:50","slug":"baret","status":"publish","type":"post","link":"https:\/\/illyriantailor.com\/english\/2025\/11\/12\/baret\/","title":{"rendered":"Bonnet according to prince Edward VI"},"content":{"rendered":"<div data-elementor-type=\"wp-post\" data-elementor-id=\"6891\" class=\"elementor elementor-6891\">\n\t\t\t\t\t\t<section class=\"elementor-section elementor-top-section elementor-element elementor-element-38ec7bf elementor-section-boxed elementor-section-height-default elementor-section-height-default\" data-id=\"38ec7bf\" data-element_type=\"section\" data-e-type=\"section\">\n\t\t\t\t\t\t<div class=\"elementor-container elementor-column-gap-default\">\n\t\t\t\t\t<div class=\"elementor-column elementor-col-100 elementor-top-column elementor-element elementor-element-30845f1\" data-id=\"30845f1\" data-element_type=\"column\" data-e-type=\"column\">\n\t\t\t<div class=\"elementor-widget-wrap elementor-element-populated\">\n\t\t\t\t\t\t<div class=\"elementor-element elementor-element-e2160e4 elementor-widget elementor-widget-image\" data-id=\"e2160e4\" data-element_type=\"widget\" data-e-type=\"widget\" data-widget_type=\"image.default\">\n\t\t\t\t<div class=\"elementor-widget-container\">\n\t\t\t\t\t\t\t\t\t\t\t\t\t\t\t<img fetchpriority=\"high\" decoding=\"async\" width=\"2048\" height=\"1538\" src=\"https:\/\/illyriantailor.com\/wp-content\/uploads\/2025\/11\/WhatsApp-Image-2025-11-19-at-13.18.23.jpeg\" class=\"attachment-full size-full wp-image-6925\" alt=\"\" srcset=\"https:\/\/illyriantailor.com\/wp-content\/uploads\/2025\/11\/WhatsApp-Image-2025-11-19-at-13.18.23.jpeg 2048w, https:\/\/illyriantailor.com\/wp-content\/uploads\/2025\/11\/WhatsApp-Image-2025-11-19-at-13.18.23-300x225.jpeg 300w, https:\/\/illyriantailor.com\/wp-content\/uploads\/2025\/11\/WhatsApp-Image-2025-11-19-at-13.18.23-1024x769.jpeg 1024w, https:\/\/illyriantailor.com\/wp-content\/uploads\/2025\/11\/WhatsApp-Image-2025-11-19-at-13.18.23-768x577.jpeg 768w, https:\/\/illyriantailor.com\/wp-content\/uploads\/2025\/11\/WhatsApp-Image-2025-11-19-at-13.18.23-1536x1154.jpeg 1536w, https:\/\/illyriantailor.com\/wp-content\/uploads\/2025\/11\/WhatsApp-Image-2025-11-19-at-13.18.23-16x12.jpeg 16w\" sizes=\"(max-width: 2048px) 100vw, 2048px\" \/>\t\t\t\t\t\t\t\t\t\t\t\t\t\t\t<\/div>\n\t\t\t\t<\/div>\n\t\t\t\t\t<\/div>\n\t\t<\/div>\n\t\t\t\t\t<\/div>\n\t\t<\/section>\n\t\t\t\t<section class=\"elementor-section elementor-top-section elementor-element elementor-element-22aa310 elementor-section-boxed elementor-section-height-default elementor-section-height-default\" data-id=\"22aa310\" data-element_type=\"section\" data-e-type=\"section\">\n\t\t\t\t\t\t<div class=\"elementor-container elementor-column-gap-default\">\n\t\t\t\t\t<div class=\"elementor-column elementor-col-100 elementor-top-column elementor-element elementor-element-4686bdd\" data-id=\"4686bdd\" data-element_type=\"column\" data-e-type=\"column\">\n\t\t\t<div class=\"elementor-widget-wrap elementor-element-populated\">\n\t\t\t\t\t\t<div class=\"elementor-element elementor-element-9a1489e elementor-widget elementor-widget-text-editor\" data-id=\"9a1489e\" data-element_type=\"widget\" data-e-type=\"widget\" data-widget_type=\"text-editor.default\">\n\t\t\t\t<div class=\"elementor-widget-container\">\n\t\t\t\t\t\t\t\t\t<p style=\"text-align: center;\">I hesitated for a long time before sewing this bonnet as an accessory to a children's costume from the Thirty Years' War, as it does not fit into the Czech environment at that time. However, since theoretically such an appearance would not have been completely impossible in the Czech lands at that time, and since people tend to turn a blind eye to period accuracy when it comes to small children, I sewed it anyway due to my great fondness for this accessory. It was originally sewn for my son according to a pattern from the publication The Tudor Child: Clothing and Culture 1485 to 1625. As soon as it was made, his younger sibling took a liking to it, and so we soon had a little Tudor girl at events.<\/p>\t\t\t\t\t\t\t\t<\/div>\n\t\t\t\t<\/div>\n\t\t\t\t\t<\/div>\n\t\t<\/div>\n\t\t\t\t\t<\/div>\n\t\t<\/section>\n\t\t\t\t<section class=\"elementor-section elementor-top-section elementor-element elementor-element-1d1842c elementor-section-boxed elementor-section-height-default elementor-section-height-default\" data-id=\"1d1842c\" data-element_type=\"section\" data-e-type=\"section\">\n\t\t\t\t\t\t<div class=\"elementor-container elementor-column-gap-default\">\n\t\t\t\t\t<div class=\"elementor-column elementor-col-100 elementor-top-column elementor-element elementor-element-b3fd47c\" data-id=\"b3fd47c\" data-element_type=\"column\" data-e-type=\"column\">\n\t\t\t<div class=\"elementor-widget-wrap elementor-element-populated\">\n\t\t\t\t\t\t<div class=\"elementor-element elementor-element-83414e1 elementor-widget elementor-widget-heading\" data-id=\"83414e1\" data-element_type=\"widget\" data-e-type=\"widget\" data-widget_type=\"heading.default\">\n\t\t\t\t<div class=\"elementor-widget-container\">\n\t\t\t\t\t<h2 class=\"elementor-heading-title elementor-size-default\">What did I want to achieve?<\/h2>\t\t\t\t<\/div>\n\t\t\t\t<\/div>\n\t\t\t\t<div class=\"elementor-element elementor-element-66e1d69 elementor-widget-divider--view-line elementor-widget elementor-widget-divider\" data-id=\"66e1d69\" data-element_type=\"widget\" data-e-type=\"widget\" data-widget_type=\"divider.default\">\n\t\t\t\t<div class=\"elementor-widget-container\">\n\t\t\t\t\t\t\t<div class=\"elementor-divider\">\n\t\t\t<span class=\"elementor-divider-separator\">\n\t\t\t\t\t\t<\/span>\n\t\t<\/div>\n\t\t\t\t\t\t<\/div>\n\t\t\t\t<\/div>\n\t\t\t\t\t<\/div>\n\t\t<\/div>\n\t\t\t\t\t<\/div>\n\t\t<\/section>\n\t\t\t\t<section class=\"elementor-section elementor-top-section elementor-element elementor-element-82f9e47 elementor-section-boxed elementor-section-height-default elementor-section-height-default\" data-id=\"82f9e47\" data-element_type=\"section\" data-e-type=\"section\">\n\t\t\t\t\t\t<div class=\"elementor-container elementor-column-gap-default\">\n\t\t\t\t\t<div class=\"elementor-column elementor-col-100 elementor-top-column elementor-element elementor-element-9c6bdbb\" data-id=\"9c6bdbb\" data-element_type=\"column\" data-e-type=\"column\">\n\t\t\t<div class=\"elementor-widget-wrap elementor-element-populated\">\n\t\t\t\t\t\t<div class=\"elementor-element elementor-element-15acea5 elementor-position-top elementor-widget elementor-widget-image-box\" data-id=\"15acea5\" data-element_type=\"widget\" data-e-type=\"widget\" data-widget_type=\"image-box.default\">\n\t\t\t\t<div class=\"elementor-widget-container\">\n\t\t\t\t\t<div class=\"elementor-image-box-wrapper\"><figure class=\"elementor-image-box-img\"><a href=\"https:\/\/artsandculture.google.com\/asset\/children%E2%80%99s-games\/CQEeZWQPOI2Yjg?hl=cs\" target=\"_blank\" tabindex=\"-1\"><img decoding=\"async\" width=\"1024\" height=\"744\" src=\"https:\/\/illyriantailor.com\/wp-content\/uploads\/2025\/02\/1487px-Pieter_Bruegel_the_Elder_-_Childrens_Games_-_Google_Art_Project-1024x744.jpg\" class=\"attachment-large size-large wp-image-5581\" alt=\"\" srcset=\"https:\/\/illyriantailor.com\/wp-content\/uploads\/2025\/02\/1487px-Pieter_Bruegel_the_Elder_-_Childrens_Games_-_Google_Art_Project-1024x744.jpg 1024w, https:\/\/illyriantailor.com\/wp-content\/uploads\/2025\/02\/1487px-Pieter_Bruegel_the_Elder_-_Childrens_Games_-_Google_Art_Project-300x218.jpg 300w, https:\/\/illyriantailor.com\/wp-content\/uploads\/2025\/02\/1487px-Pieter_Bruegel_the_Elder_-_Childrens_Games_-_Google_Art_Project-768x558.jpg 768w, https:\/\/illyriantailor.com\/wp-content\/uploads\/2025\/02\/1487px-Pieter_Bruegel_the_Elder_-_Childrens_Games_-_Google_Art_Project-18x12.jpg 18w, https:\/\/illyriantailor.com\/wp-content\/uploads\/2025\/02\/1487px-Pieter_Bruegel_the_Elder_-_Childrens_Games_-_Google_Art_Project.jpg 1487w\" sizes=\"(max-width: 1024px) 100vw, 1024px\" \/><\/a><\/figure><div class=\"elementor-image-box-content\"><h5 class=\"elementor-image-box-title\"><a href=\"https:\/\/artsandculture.google.com\/asset\/children%E2%80%99s-games\/CQEeZWQPOI2Yjg?hl=cs\" target=\"_blank\">BRUEGEL, Pieter the Elder.  Children\u00b4s games <\/a><\/h5><p class=\"elementor-image-box-description\">The inspiration comes from my favorite painting, \"Children's Games\" by Pieter Bruegel the Elder, painted in 1560, which depicts a number of bonnets on children's heads, see a few details below.<\/p><\/div><\/div>\t\t\t\t<\/div>\n\t\t\t\t<\/div>\n\t\t\t\t\t<\/div>\n\t\t<\/div>\n\t\t\t\t\t<\/div>\n\t\t<\/section>\n\t\t\t\t<section class=\"elementor-section elementor-top-section elementor-element elementor-element-b53d0f2 elementor-section-boxed elementor-section-height-default elementor-section-height-default\" data-id=\"b53d0f2\" data-element_type=\"section\" data-e-type=\"section\">\n\t\t\t\t\t\t<div class=\"elementor-container elementor-column-gap-default\">\n\t\t\t\t\t<div class=\"elementor-column elementor-col-100 elementor-top-column elementor-element elementor-element-c57f1f4\" data-id=\"c57f1f4\" data-element_type=\"column\" data-e-type=\"column\">\n\t\t\t<div class=\"elementor-widget-wrap elementor-element-populated\">\n\t\t\t\t\t\t<div class=\"elementor-element elementor-element-6b6210f elementor-widget elementor-widget-image\" data-id=\"6b6210f\" data-element_type=\"widget\" data-e-type=\"widget\" data-widget_type=\"image.default\">\n\t\t\t\t<div class=\"elementor-widget-container\">\n\t\t\t\t\t\t\t\t\t\t\t\t\t\t\t\t<a href=\"https:\/\/artsandculture.google.com\/asset\/children%E2%80%99s-games\/CQEeZWQPOI2Yjg?hl=cs\" target=\"_blank\">\n\t\t\t\t\t\t\t<img decoding=\"async\" width=\"257\" height=\"271\" src=\"https:\/\/illyriantailor.com\/wp-content\/uploads\/2025\/11\/Baret_Brueghel.png\" class=\"attachment-large size-large wp-image-6910\" alt=\"\" srcset=\"https:\/\/illyriantailor.com\/wp-content\/uploads\/2025\/11\/Baret_Brueghel.png 257w, https:\/\/illyriantailor.com\/wp-content\/uploads\/2025\/11\/Baret_Brueghel-11x12.png 11w\" sizes=\"(max-width: 257px) 100vw, 257px\" \/>\t\t\t\t\t\t\t\t<\/a>\n\t\t\t\t\t\t\t\t\t\t\t\t\t\t\t<\/div>\n\t\t\t\t<\/div>\n\t\t\t\t\t<\/div>\n\t\t<\/div>\n\t\t\t\t\t<\/div>\n\t\t<\/section>\n\t\t\t\t<section class=\"elementor-section elementor-top-section elementor-element elementor-element-3fa1177 elementor-section-boxed elementor-section-height-default elementor-section-height-default\" data-id=\"3fa1177\" data-element_type=\"section\" data-e-type=\"section\">\n\t\t\t\t\t\t<div class=\"elementor-container elementor-column-gap-default\">\n\t\t\t\t\t<div class=\"elementor-column elementor-col-100 elementor-top-column elementor-element elementor-element-dd7388d\" data-id=\"dd7388d\" data-element_type=\"column\" data-e-type=\"column\">\n\t\t\t<div class=\"elementor-widget-wrap elementor-element-populated\">\n\t\t\t\t\t\t<div class=\"elementor-element elementor-element-c676492 elementor-widget elementor-widget-image\" data-id=\"c676492\" data-element_type=\"widget\" data-e-type=\"widget\" data-widget_type=\"image.default\">\n\t\t\t\t<div class=\"elementor-widget-container\">\n\t\t\t\t\t\t\t\t\t\t\t\t\t\t\t\t<a href=\"https:\/\/artsandculture.google.com\/asset\/children%E2%80%99s-games\/CQEeZWQPOI2Yjg?hl=cs\" target=\"_blank\">\n\t\t\t\t\t\t\t<img loading=\"lazy\" decoding=\"async\" width=\"169\" height=\"263\" src=\"https:\/\/illyriantailor.com\/wp-content\/uploads\/2025\/11\/Bonnet.png\" class=\"attachment-large size-large wp-image-6914\" alt=\"\" srcset=\"https:\/\/illyriantailor.com\/wp-content\/uploads\/2025\/11\/Bonnet.png 169w, https:\/\/illyriantailor.com\/wp-content\/uploads\/2025\/11\/Bonnet-8x12.png 8w\" sizes=\"(max-width: 169px) 100vw, 169px\" \/>\t\t\t\t\t\t\t\t<\/a>\n\t\t\t\t\t\t\t\t\t\t\t\t\t\t\t<\/div>\n\t\t\t\t<\/div>\n\t\t\t\t<div class=\"elementor-element elementor-element-883d649 elementor-widget elementor-widget-image\" data-id=\"883d649\" data-element_type=\"widget\" data-e-type=\"widget\" data-widget_type=\"image.default\">\n\t\t\t\t<div class=\"elementor-widget-container\">\n\t\t\t\t\t\t\t\t\t\t\t\t\t\t\t\t<a href=\"https:\/\/artsandculture.google.com\/asset\/children%E2%80%99s-games\/CQEeZWQPOI2Yjg?hl=cs\" target=\"_blank\">\n\t\t\t\t\t\t\t<img loading=\"lazy\" decoding=\"async\" width=\"505\" height=\"348\" src=\"https:\/\/illyriantailor.com\/wp-content\/uploads\/2025\/11\/Bonnets.png\" class=\"attachment-large size-large wp-image-6921\" alt=\"\" srcset=\"https:\/\/illyriantailor.com\/wp-content\/uploads\/2025\/11\/Bonnets.png 505w, https:\/\/illyriantailor.com\/wp-content\/uploads\/2025\/11\/Bonnets-300x207.png 300w, https:\/\/illyriantailor.com\/wp-content\/uploads\/2025\/11\/Bonnets-18x12.png 18w\" sizes=\"(max-width: 505px) 100vw, 505px\" \/>\t\t\t\t\t\t\t\t<\/a>\n\t\t\t\t\t\t\t\t\t\t\t\t\t\t\t<\/div>\n\t\t\t\t<\/div>\n\t\t\t\t\t<\/div>\n\t\t<\/div>\n\t\t\t\t\t<\/div>\n\t\t<\/section>\n\t\t\t\t<section class=\"elementor-section elementor-top-section elementor-element elementor-element-540dcc0 elementor-section-boxed elementor-section-height-default elementor-section-height-default\" data-id=\"540dcc0\" data-element_type=\"section\" data-e-type=\"section\">\n\t\t\t\t\t\t<div class=\"elementor-container elementor-column-gap-default\">\n\t\t\t\t\t<div class=\"elementor-column elementor-col-100 elementor-top-column elementor-element elementor-element-388ffcc\" data-id=\"388ffcc\" data-element_type=\"column\" data-e-type=\"column\">\n\t\t\t<div class=\"elementor-widget-wrap elementor-element-populated\">\n\t\t\t\t\t\t<div class=\"elementor-element elementor-element-47dc6e1 elementor-widget elementor-widget-image\" data-id=\"47dc6e1\" data-element_type=\"widget\" data-e-type=\"widget\" data-widget_type=\"image.default\">\n\t\t\t\t<div class=\"elementor-widget-container\">\n\t\t\t\t\t\t\t\t\t\t\t\t\t\t\t\t<a href=\"https:\/\/artsandculture.google.com\/asset\/children%E2%80%99s-games\/CQEeZWQPOI2Yjg?hl=cs\" target=\"_blank\">\n\t\t\t\t\t\t\t<img loading=\"lazy\" decoding=\"async\" width=\"1080\" height=\"1350\" src=\"https:\/\/illyriantailor.com\/wp-content\/uploads\/2025\/02\/322368846_1927039537644712_6339664411297363570_n.jpg\" class=\"attachment-full size-full wp-image-6056\" alt=\"\" srcset=\"https:\/\/illyriantailor.com\/wp-content\/uploads\/2025\/02\/322368846_1927039537644712_6339664411297363570_n.jpg 1080w, https:\/\/illyriantailor.com\/wp-content\/uploads\/2025\/02\/322368846_1927039537644712_6339664411297363570_n-240x300.jpg 240w, https:\/\/illyriantailor.com\/wp-content\/uploads\/2025\/02\/322368846_1927039537644712_6339664411297363570_n-819x1024.jpg 819w, https:\/\/illyriantailor.com\/wp-content\/uploads\/2025\/02\/322368846_1927039537644712_6339664411297363570_n-768x960.jpg 768w, https:\/\/illyriantailor.com\/wp-content\/uploads\/2025\/02\/322368846_1927039537644712_6339664411297363570_n-10x12.jpg 10w\" sizes=\"(max-width: 1080px) 100vw, 1080px\" \/>\t\t\t\t\t\t\t\t<\/a>\n\t\t\t\t\t\t\t\t\t\t\t\t\t\t\t<\/div>\n\t\t\t\t<\/div>\n\t\t\t\t\t<\/div>\n\t\t<\/div>\n\t\t\t\t\t<\/div>\n\t\t<\/section>\n\t\t\t\t<section class=\"elementor-section elementor-top-section elementor-element elementor-element-955a314 elementor-section-boxed elementor-section-height-default elementor-section-height-default\" data-id=\"955a314\" data-element_type=\"section\" data-e-type=\"section\">\n\t\t\t\t\t\t<div class=\"elementor-container elementor-column-gap-default\">\n\t\t\t\t\t<div class=\"elementor-column elementor-col-100 elementor-top-column elementor-element elementor-element-3b883b6\" data-id=\"3b883b6\" data-element_type=\"column\" data-e-type=\"column\">\n\t\t\t<div class=\"elementor-widget-wrap elementor-element-populated\">\n\t\t\t\t\t\t<div class=\"elementor-element elementor-element-03ef4c5 elementor-widget elementor-widget-text-editor\" data-id=\"03ef4c5\" data-element_type=\"widget\" data-e-type=\"widget\" data-widget_type=\"text-editor.default\">\n\t\t\t\t<div class=\"elementor-widget-container\">\n\t\t\t\t\t\t\t\t\t<p>Many such bonnets are preserved in museums, where we can also find knitted versions that were more common among the common people. Since I forgot how to knit a long time ago, I chose the sewn version.\u00a0<\/p>\t\t\t\t\t\t\t\t<\/div>\n\t\t\t\t<\/div>\n\t\t\t\t\t<\/div>\n\t\t<\/div>\n\t\t\t\t\t<\/div>\n\t\t<\/section>\n\t\t\t\t<section class=\"elementor-section elementor-top-section elementor-element elementor-element-083c32b elementor-section-boxed elementor-section-height-default elementor-section-height-default\" data-id=\"083c32b\" data-element_type=\"section\" data-e-type=\"section\">\n\t\t\t\t\t\t<div class=\"elementor-container elementor-column-gap-default\">\n\t\t\t\t\t<div class=\"elementor-column elementor-col-100 elementor-top-column elementor-element elementor-element-0fbf607\" data-id=\"0fbf607\" data-element_type=\"column\" data-e-type=\"column\">\n\t\t\t<div class=\"elementor-widget-wrap elementor-element-populated\">\n\t\t\t\t\t\t<div class=\"elementor-element elementor-element-f8af0f1 elementor-position-top elementor-widget elementor-widget-image-box\" data-id=\"f8af0f1\" data-element_type=\"widget\" data-e-type=\"widget\" data-widget_type=\"image-box.default\">\n\t\t\t\t<div class=\"elementor-widget-container\">\n\t\t\t\t\t<div class=\"elementor-image-box-wrapper\"><figure class=\"elementor-image-box-img\"><a href=\"https:\/\/www.londonmuseum.org.uk\/collections\/v\/object-90555\/cap\/\" target=\"_blank\" tabindex=\"-1\"><img loading=\"lazy\" decoding=\"async\" width=\"622\" height=\"405\" src=\"https:\/\/illyriantailor.com\/wp-content\/uploads\/2025\/11\/Cepice_muzeum.jpg\" class=\"attachment-large size-large wp-image-6932\" alt=\"\" srcset=\"https:\/\/illyriantailor.com\/wp-content\/uploads\/2025\/11\/Cepice_muzeum.jpg 622w, https:\/\/illyriantailor.com\/wp-content\/uploads\/2025\/11\/Cepice_muzeum-300x195.jpg 300w, https:\/\/illyriantailor.com\/wp-content\/uploads\/2025\/11\/Cepice_muzeum-18x12.jpg 18w\" sizes=\"(max-width: 622px) 100vw, 622px\" \/><\/a><\/figure><\/div>\t\t\t\t<\/div>\n\t\t\t\t<\/div>\n\t\t\t\t\t<\/div>\n\t\t<\/div>\n\t\t\t\t\t<\/div>\n\t\t<\/section>\n\t\t\t\t<section class=\"elementor-section elementor-top-section elementor-element elementor-element-d715770 elementor-section-boxed elementor-section-height-default elementor-section-height-default\" data-id=\"d715770\" data-element_type=\"section\" data-e-type=\"section\">\n\t\t\t\t\t\t<div class=\"elementor-container elementor-column-gap-default\">\n\t\t\t\t\t<div class=\"elementor-column elementor-col-100 elementor-top-column elementor-element elementor-element-d467538\" data-id=\"d467538\" data-element_type=\"column\" data-e-type=\"column\">\n\t\t\t<div class=\"elementor-widget-wrap elementor-element-populated\">\n\t\t\t\t\t\t<div class=\"elementor-element elementor-element-3438109 elementor-widget elementor-widget-text-editor\" data-id=\"3438109\" data-element_type=\"widget\" data-e-type=\"widget\" data-widget_type=\"text-editor.default\">\n\t\t\t\t<div class=\"elementor-widget-container\">\n\t\t\t\t\t\t\t\t\t<p style=\"text-align: center;\">Vln\u011bn\u00e1 pleten\u00e1 \u010depice z lond\u00fdnsk\u00e9ho Muzea, ve kter\u00e9 jsou v\u0161it\u00e9 kr\u00e1tk\u00e9 kousky hedv\u00e1bn\u00e9 stuhy. V 16. stolet\u00ed se \u010depice po pleten\u00ed valchaly (praly, tepaly a plstily), aby se vytvo\u0159ila pevn\u00e1, tepl\u00e1, nepromokav\u00e1 a odoln\u00e1 l\u00e1tka. \u010cepice poch\u00e1z\u00ed z tudorovsk\u00e9 \u00e9ry a stejn\u011b jako na obraze od Bruegela najdeme i mezi dochovan\u00fdmi exempl\u00e1\u0159i r\u016fzn\u00e9 styly (rozhodoval vkus a pen\u011b\u017eenka z\u00e1kazn\u00edka). V\u00fdroba jedn\u00e9 \u010depice je dle popisu muzea v\u00fdsledkem pr\u00e1ce vysoce kvalifikovan\u00fdch, profesion\u00e1ln\u00edch pracovn\u00edk\u016f. B\u011b\u017en\u00e9 byly jasn\u00e9 barvy, jako je modr\u00e1 nebo \u010derven\u00e1, ale nosila se i \u010dern\u00e1 a tmav\u011b hn\u011bd\u00e1. V\u011bt\u0161ina \u010depic m\u00e1 dnes odst\u00edny hn\u011bd\u00e9 kv\u016fli dlouhodob\u00e9mu vystaven\u00ed vlhk\u00e9 zemi \u2013 k odhalen\u00ed jejich p\u016fvodn\u00ed barvy by bylo nutn\u00e9 prov\u00e9st anal\u00fdzu barven\u00ed.<\/p>\n<p style=\"text-align: center;\">Pro toho, kdo by cht\u011bl takovou \u010depici upl\u00e9st, je v odkaze obr\u00e1zku tak\u00e9 technick\u00fd popis pleten\u00ed. Podot\u00fdk\u00e1m, \u017ee je pleten\u00e1 verze d\u00edky valchov\u00e1n\u00ed velmi tuh\u00e1, bez jak\u00e9koli elasticity nebo \u201epoddajnosti\u201c, jak uv\u00e1d\u00ed muzeum. Na dotek je sp\u00ed\u0161e jako k\u0159ehk\u00e1 pls\u0165 ne\u017e m\u011bkk\u00fd \u00faplet.\u00a0<span style=\"font-size: 16pt; font-family: Amiri;\">\u00a0<\/span><\/p>\t\t\t\t\t\t\t\t<\/div>\n\t\t\t\t<\/div>\n\t\t\t\t\t<\/div>\n\t\t<\/div>\n\t\t\t\t\t<\/div>\n\t\t<\/section>\n\t\t\t\t<section class=\"elementor-section elementor-top-section elementor-element elementor-element-c4280a7 elementor-section-boxed elementor-section-height-default elementor-section-height-default\" data-id=\"c4280a7\" data-element_type=\"section\" data-e-type=\"section\">\n\t\t\t\t\t\t<div class=\"elementor-container elementor-column-gap-default\">\n\t\t\t\t\t<div class=\"elementor-column elementor-col-100 elementor-top-column elementor-element elementor-element-752a4eb\" data-id=\"752a4eb\" data-element_type=\"column\" data-e-type=\"column\">\n\t\t\t<div class=\"elementor-widget-wrap elementor-element-populated\">\n\t\t\t\t\t\t<div class=\"elementor-element elementor-element-81585ee elementor-position-top elementor-widget elementor-widget-image-box\" data-id=\"81585ee\" data-element_type=\"widget\" data-e-type=\"widget\" data-widget_type=\"image-box.default\">\n\t\t\t\t<div class=\"elementor-widget-container\">\n\t\t\t\t\t<div class=\"elementor-image-box-wrapper\"><figure class=\"elementor-image-box-img\"><a href=\"https:\/\/www.londonmuseum.org.uk\/collections\/v\/object-92167\/cap-split-brimmed-cap-with-slashed-neckflap\/\" target=\"_blank\" tabindex=\"-1\"><img loading=\"lazy\" decoding=\"async\" width=\"449\" height=\"470\" src=\"https:\/\/illyriantailor.com\/wp-content\/uploads\/2025\/11\/Cap.jpg\" class=\"attachment-large size-large wp-image-6946\" alt=\"\" srcset=\"https:\/\/illyriantailor.com\/wp-content\/uploads\/2025\/11\/Cap.jpg 449w, https:\/\/illyriantailor.com\/wp-content\/uploads\/2025\/11\/Cap-287x300.jpg 287w, https:\/\/illyriantailor.com\/wp-content\/uploads\/2025\/11\/Cap-11x12.jpg 11w\" sizes=\"(max-width: 449px) 100vw, 449px\" \/><\/a><\/figure><div class=\"elementor-image-box-content\"><p class=\"elementor-image-box-description\">Another preserved cap, split-brimmed with slashed neckflap. Workers digging foundations for new buildings around London in the early 20th century found many pieces of clothing and textiles buried in the ground. Many of them are caps like these, most of which are in good condition. They were probably lost from the heads of their wearers or discarded when they became unfashionable (around 1570) and thrown into city ditches and cesspools. Unfortunately, as these were not formal archaeological excavations, all details that could help to date the caps more accurately were lost. <\/p><\/div><\/div>\t\t\t\t<\/div>\n\t\t\t\t<\/div>\n\t\t\t\t\t<\/div>\n\t\t<\/div>\n\t\t\t\t\t<\/div>\n\t\t<\/section>\n\t\t\t\t<section class=\"elementor-section elementor-top-section elementor-element elementor-element-38c6944 elementor-section-boxed elementor-section-height-default elementor-section-height-default\" data-id=\"38c6944\" data-element_type=\"section\" data-e-type=\"section\">\n\t\t\t\t\t\t<div class=\"elementor-container elementor-column-gap-default\">\n\t\t\t\t\t<div class=\"elementor-column elementor-col-100 elementor-top-column elementor-element elementor-element-3f536cf\" data-id=\"3f536cf\" data-element_type=\"column\" data-e-type=\"column\">\n\t\t\t<div class=\"elementor-widget-wrap elementor-element-populated\">\n\t\t\t\t\t\t<div class=\"elementor-element elementor-element-d729cc8 elementor-position-top elementor-widget elementor-widget-image-box\" data-id=\"d729cc8\" data-element_type=\"widget\" data-e-type=\"widget\" data-widget_type=\"image-box.default\">\n\t\t\t\t<div class=\"elementor-widget-container\">\n\t\t\t\t\t<div class=\"elementor-image-box-wrapper\"><figure class=\"elementor-image-box-img\"><a href=\"https:\/\/artsandculture.google.com\/asset\/portraits-of-sir-thomas-gresham-and-anne-fernely-mor-anthonis\/2gG4tzd4cMqhXQ?hl=cs\" target=\"_blank\" tabindex=\"-1\"><img loading=\"lazy\" decoding=\"async\" width=\"500\" height=\"596\" src=\"https:\/\/illyriantailor.com\/wp-content\/uploads\/2025\/11\/Anthonis_Mor_004.jpg\" class=\"attachment-large size-large wp-image-6956\" alt=\"\" srcset=\"https:\/\/illyriantailor.com\/wp-content\/uploads\/2025\/11\/Anthonis_Mor_004.jpg 500w, https:\/\/illyriantailor.com\/wp-content\/uploads\/2025\/11\/Anthonis_Mor_004-252x300.jpg 252w, https:\/\/illyriantailor.com\/wp-content\/uploads\/2025\/11\/Anthonis_Mor_004-10x12.jpg 10w\" sizes=\"(max-width: 500px) 100vw, 500px\" \/><\/a><\/figure><div class=\"elementor-image-box-content\"><h5 class=\"elementor-image-box-title\"><a href=\"https:\/\/artsandculture.google.com\/asset\/portraits-of-sir-thomas-gresham-and-anne-fernely-mor-anthonis\/2gG4tzd4cMqhXQ?hl=cs\" target=\"_blank\">MOR, Antonis. Portraits of Sir Thomas Gresham and Anne Fernely<\/a><\/h5><p class=\"elementor-image-box-description\">Sir Thomas Gresham (1519\u20131579) wearing a cap. <\/p><\/div><\/div>\t\t\t\t<\/div>\n\t\t\t\t<\/div>\n\t\t\t\t\t<\/div>\n\t\t<\/div>\n\t\t\t\t\t<\/div>\n\t\t<\/section>\n\t\t\t\t<section class=\"elementor-section elementor-top-section elementor-element elementor-element-c39138e elementor-section-boxed elementor-section-height-default elementor-section-height-default\" data-id=\"c39138e\" data-element_type=\"section\" data-e-type=\"section\">\n\t\t\t\t\t\t<div class=\"elementor-container elementor-column-gap-default\">\n\t\t\t\t\t<div class=\"elementor-column elementor-col-100 elementor-top-column elementor-element elementor-element-3950d9a\" data-id=\"3950d9a\" data-element_type=\"column\" data-e-type=\"column\">\n\t\t\t<div class=\"elementor-widget-wrap elementor-element-populated\">\n\t\t\t\t\t\t<div class=\"elementor-element elementor-element-0e06837 elementor-position-top elementor-widget elementor-widget-image-box\" data-id=\"0e06837\" data-element_type=\"widget\" data-e-type=\"widget\" data-widget_type=\"image-box.default\">\n\t\t\t\t<div class=\"elementor-widget-container\">\n\t\t\t\t\t<div class=\"elementor-image-box-wrapper\"><figure class=\"elementor-image-box-img\"><a href=\"https:\/\/www.nga.gov\/artworks\/71-edward-vi-child\" target=\"_blank\" tabindex=\"-1\"><img loading=\"lazy\" decoding=\"async\" width=\"500\" height=\"649\" src=\"https:\/\/illyriantailor.com\/wp-content\/uploads\/2025\/11\/500px-Hans_Holbein_the_Younger_-_Edward_VI_as_a_Child_-_Google_Art_Project.jpg\" class=\"attachment-large size-large wp-image-6983\" alt=\"\" srcset=\"https:\/\/illyriantailor.com\/wp-content\/uploads\/2025\/11\/500px-Hans_Holbein_the_Younger_-_Edward_VI_as_a_Child_-_Google_Art_Project.jpg 500w, https:\/\/illyriantailor.com\/wp-content\/uploads\/2025\/11\/500px-Hans_Holbein_the_Younger_-_Edward_VI_as_a_Child_-_Google_Art_Project-231x300.jpg 231w, https:\/\/illyriantailor.com\/wp-content\/uploads\/2025\/11\/500px-Hans_Holbein_the_Younger_-_Edward_VI_as_a_Child_-_Google_Art_Project-9x12.jpg 9w\" sizes=\"(max-width: 500px) 100vw, 500px\" \/><\/a><\/figure><div class=\"elementor-image-box-content\"><h5 class=\"elementor-image-box-title\"><a href=\"https:\/\/www.nga.gov\/artworks\/71-edward-vi-child\" target=\"_blank\">HOLBEIN, Hans the Younger. Edward VI as a Child<\/a><\/h5><p class=\"elementor-image-box-description\">Another portrait of Prince Edward, also wearing a cap.<\/p><\/div><\/div>\t\t\t\t<\/div>\n\t\t\t\t<\/div>\n\t\t\t\t\t<\/div>\n\t\t<\/div>\n\t\t\t\t\t<\/div>\n\t\t<\/section>\n\t\t\t\t<section class=\"elementor-section elementor-top-section elementor-element elementor-element-8a9a057 elementor-section-boxed elementor-section-height-default elementor-section-height-default\" data-id=\"8a9a057\" data-element_type=\"section\" data-e-type=\"section\">\n\t\t\t\t\t\t<div class=\"elementor-container elementor-column-gap-default\">\n\t\t\t\t\t<div class=\"elementor-column elementor-col-100 elementor-top-column elementor-element elementor-element-79fba89\" data-id=\"79fba89\" data-element_type=\"column\" data-e-type=\"column\">\n\t\t\t<div class=\"elementor-widget-wrap elementor-element-populated\">\n\t\t\t\t\t\t<div class=\"elementor-element elementor-element-cc6ed27 elementor-position-top elementor-widget elementor-widget-image-box\" data-id=\"cc6ed27\" data-element_type=\"widget\" data-e-type=\"widget\" data-widget_type=\"image-box.default\">\n\t\t\t\t<div class=\"elementor-widget-container\">\n\t\t\t\t\t<div class=\"elementor-image-box-wrapper\"><figure class=\"elementor-image-box-img\"><a href=\"https:\/\/www.metmuseum.org\/art\/collection\/search\/435950\" target=\"_blank\" tabindex=\"-1\"><img loading=\"lazy\" decoding=\"async\" width=\"1024\" height=\"1014\" src=\"https:\/\/illyriantailor.com\/wp-content\/uploads\/2025\/11\/DT8871-1024x1014.jpg\" class=\"attachment-large size-large wp-image-6993\" alt=\"\" srcset=\"https:\/\/illyriantailor.com\/wp-content\/uploads\/2025\/11\/DT8871-1024x1014.jpg 1024w, https:\/\/illyriantailor.com\/wp-content\/uploads\/2025\/11\/DT8871-300x297.jpg 300w, https:\/\/illyriantailor.com\/wp-content\/uploads\/2025\/11\/DT8871-150x150.jpg 150w, https:\/\/illyriantailor.com\/wp-content\/uploads\/2025\/11\/DT8871-768x761.jpg 768w, https:\/\/illyriantailor.com\/wp-content\/uploads\/2025\/11\/DT8871-1536x1521.jpg 1536w, https:\/\/illyriantailor.com\/wp-content\/uploads\/2025\/11\/DT8871-2048x2029.jpg 2048w, https:\/\/illyriantailor.com\/wp-content\/uploads\/2025\/11\/DT8871-12x12.jpg 12w\" sizes=\"(max-width: 1024px) 100vw, 1024px\" \/><\/a><\/figure><div class=\"elementor-image-box-content\"><h5 class=\"elementor-image-box-title\"><a href=\"https:\/\/www.metmuseum.org\/art\/collection\/search\/435950\" target=\"_blank\">LYON, de Corneille. Portrait of a Man<\/a><\/h5><p class=\"elementor-image-box-description\">This portrait shows a simple, single-color version of the bonnet. According to museum descriptions, these caps were sometimes also referred to as \"apprentice\" or \"statute\" caps. In 1571, a law was passed requiring every man over the age of six, with the exception of men of high rank, to wear a knitted woolen cap made in England on Sundays and holidays.<\/p><\/div><\/div>\t\t\t\t<\/div>\n\t\t\t\t<\/div>\n\t\t\t\t\t<\/div>\n\t\t<\/div>\n\t\t\t\t\t<\/div>\n\t\t<\/section>\n\t\t\t\t<section class=\"elementor-section elementor-top-section elementor-element elementor-element-45b4699 elementor-section-boxed elementor-section-height-default elementor-section-height-default\" data-id=\"45b4699\" data-element_type=\"section\" data-e-type=\"section\">\n\t\t\t\t\t\t<div class=\"elementor-container elementor-column-gap-default\">\n\t\t\t\t\t<div class=\"elementor-column elementor-col-100 elementor-top-column elementor-element elementor-element-81bee8b\" data-id=\"81bee8b\" data-element_type=\"column\" data-e-type=\"column\">\n\t\t\t<div class=\"elementor-widget-wrap elementor-element-populated\">\n\t\t\t\t\t\t<div class=\"elementor-element elementor-element-6e6f0d8 elementor-position-top elementor-widget elementor-widget-image-box\" data-id=\"6e6f0d8\" data-element_type=\"widget\" data-e-type=\"widget\" data-widget_type=\"image-box.default\">\n\t\t\t\t<div class=\"elementor-widget-container\">\n\t\t\t\t\t<div class=\"elementor-image-box-wrapper\"><figure class=\"elementor-image-box-img\"><a href=\"https:\/\/artsandculture.google.com\/asset\/peasant-wedding-pieter-bruegel-the-elder\/hgGvote2WI8P3w?hl=cs\" target=\"_blank\" tabindex=\"-1\"><img loading=\"lazy\" decoding=\"async\" width=\"566\" height=\"473\" src=\"https:\/\/illyriantailor.com\/wp-content\/uploads\/2025\/11\/Bruegel.jpg\" class=\"attachment-large size-large wp-image-7012\" alt=\"\" srcset=\"https:\/\/illyriantailor.com\/wp-content\/uploads\/2025\/11\/Bruegel.jpg 566w, https:\/\/illyriantailor.com\/wp-content\/uploads\/2025\/11\/Bruegel-300x251.jpg 300w, https:\/\/illyriantailor.com\/wp-content\/uploads\/2025\/11\/Bruegel-14x12.jpg 14w\" sizes=\"(max-width: 566px) 100vw, 566px\" \/><\/a><\/figure><div class=\"elementor-image-box-content\"><h5 class=\"elementor-image-box-title\"><a href=\"https:\/\/artsandculture.google.com\/asset\/peasant-wedding-pieter-bruegel-the-elder\/hgGvote2WI8P3w?hl=cs\" target=\"_blank\">BRUEGEL, Pieter. Peasant Wedding<\/a><\/h5><p class=\"elementor-image-box-description\">We can find lots of bonnets in other Bruegel paintings too. Museums say that some of them were trimmed with ribbons to look like the pricier silk versions. Wealthy Londoners wore headgear influenced by European fashion, and bonnets from Milan, decorated with ostrich feathers and brooches, were particularly fashionable. The painting depicts villagers (detail).<\/p><\/div><\/div>\t\t\t\t<\/div>\n\t\t\t\t<\/div>\n\t\t\t\t<div class=\"elementor-element elementor-element-7438b7d elementor-position-top elementor-widget elementor-widget-image-box\" data-id=\"7438b7d\" data-element_type=\"widget\" data-e-type=\"widget\" data-widget_type=\"image-box.default\">\n\t\t\t\t<div class=\"elementor-widget-container\">\n\t\t\t\t\t<div class=\"elementor-image-box-wrapper\"><figure class=\"elementor-image-box-img\"><img loading=\"lazy\" decoding=\"async\" width=\"859\" height=\"1024\" src=\"https:\/\/illyriantailor.com\/wp-content\/uploads\/2025\/11\/WhatsApp-Image-2025-11-28-at-10.43.32-859x1024.jpeg\" class=\"attachment-large size-large wp-image-7061\" alt=\"\" srcset=\"https:\/\/illyriantailor.com\/wp-content\/uploads\/2025\/11\/WhatsApp-Image-2025-11-28-at-10.43.32-859x1024.jpeg 859w, https:\/\/illyriantailor.com\/wp-content\/uploads\/2025\/11\/WhatsApp-Image-2025-11-28-at-10.43.32-252x300.jpeg 252w, https:\/\/illyriantailor.com\/wp-content\/uploads\/2025\/11\/WhatsApp-Image-2025-11-28-at-10.43.32-768x916.jpeg 768w, https:\/\/illyriantailor.com\/wp-content\/uploads\/2025\/11\/WhatsApp-Image-2025-11-28-at-10.43.32-1289x1536.jpeg 1289w, https:\/\/illyriantailor.com\/wp-content\/uploads\/2025\/11\/WhatsApp-Image-2025-11-28-at-10.43.32-10x12.jpeg 10w, https:\/\/illyriantailor.com\/wp-content\/uploads\/2025\/11\/WhatsApp-Image-2025-11-28-at-10.43.32.jpeg 1718w\" sizes=\"(max-width: 859px) 100vw, 859px\" \/><\/figure><div class=\"elementor-image-box-content\"><h5 class=\"elementor-image-box-title\">HASELBACH, Pankraz engelhard von. Chebsk\u00e1 kronika<\/h5><p class=\"elementor-image-box-description\">One domestic flat cap belonging to Bernhardin Schmidl, mayor of Cheb, photo taken from the publication Clothing in Western Bohemia in the 15th to 17th Centuries by Veronika Piln\u00e1 (p. 45). <span style=\"text-align: start\">In her publication, the author states that the large flat bonnet was a popular head covering for both men and women in the first half of the 16th century. It was worn on a hair net and tilted to one side, decorated with jewels and feathers. It quickly became popular among broad sections of the population, from nobility and townspeople to soldiers and mercenaries <\/span><span style=\"text-align: start\">(p. 51). At the end of the 16th century, bonnets were replaced by completely different types of headgear in Bohemia.<\/span><\/p><\/div><\/div>\t\t\t\t<\/div>\n\t\t\t\t<\/div>\n\t\t\t\t<div class=\"elementor-element elementor-element-6b0c026 elementor-position-top elementor-widget elementor-widget-image-box\" data-id=\"6b0c026\" data-element_type=\"widget\" data-e-type=\"widget\" data-widget_type=\"image-box.default\">\n\t\t\t\t<div class=\"elementor-widget-container\">\n\t\t\t\t\t<div class=\"elementor-image-box-wrapper\"><figure class=\"elementor-image-box-img\"><a href=\"https:\/\/artsandculture.google.com\/asset\/peasant-wedding-pieter-bruegel-the-elder\/hgGvote2WI8P3w?hl=cs\" target=\"_blank\" tabindex=\"-1\"><img loading=\"lazy\" decoding=\"async\" width=\"827\" height=\"1024\" src=\"https:\/\/illyriantailor.com\/wp-content\/uploads\/2025\/11\/WhatsApp-Image-2025-11-28-at-10.43.31-827x1024.jpeg\" class=\"attachment-large size-large wp-image-7095\" alt=\"\" srcset=\"https:\/\/illyriantailor.com\/wp-content\/uploads\/2025\/11\/WhatsApp-Image-2025-11-28-at-10.43.31-827x1024.jpeg 827w, https:\/\/illyriantailor.com\/wp-content\/uploads\/2025\/11\/WhatsApp-Image-2025-11-28-at-10.43.31-242x300.jpeg 242w, https:\/\/illyriantailor.com\/wp-content\/uploads\/2025\/11\/WhatsApp-Image-2025-11-28-at-10.43.31-768x951.jpeg 768w, https:\/\/illyriantailor.com\/wp-content\/uploads\/2025\/11\/WhatsApp-Image-2025-11-28-at-10.43.31-1241x1536.jpeg 1241w, https:\/\/illyriantailor.com\/wp-content\/uploads\/2025\/11\/WhatsApp-Image-2025-11-28-at-10.43.31-10x12.jpeg 10w, https:\/\/illyriantailor.com\/wp-content\/uploads\/2025\/11\/WhatsApp-Image-2025-11-28-at-10.43.31.jpeg 1654w\" sizes=\"(max-width: 827px) 100vw, 827px\" \/><\/a><\/figure><div class=\"elementor-image-box-content\"><h5 class=\"elementor-image-box-title\"><a href=\"https:\/\/artsandculture.google.com\/asset\/peasant-wedding-pieter-bruegel-the-elder\/hgGvote2WI8P3w?hl=cs\" target=\"_blank\">HASELBACH, Pankraz engelhard von. Chebsk\u00e1 kronika<\/a><\/h5><p class=\"elementor-image-box-description\">A photo from an illuminated manuscript is also included in the publication Clothing in Western Bohemia in the 15th to 17th Centuries by Veronika Piln\u00e1 (p. 251) and depicts an older man\u2014the primate of the city of Cheb\u2014wearing a simple black bonnet set at a slight angle. Veronika Piln\u00e1 also mentions in her publication knitted bonnets from the 16th century found in London and made using the circular knitting technique with multiple needles. It is not known to what extent this technique was used for bonnets in Bohemia, but it was used here as such (p. 51).<\/p><\/div><\/div>\t\t\t\t<\/div>\n\t\t\t\t<\/div>\n\t\t\t\t<div class=\"elementor-element elementor-element-d64d74e elementor-widget elementor-widget-heading\" data-id=\"d64d74e\" data-element_type=\"widget\" data-e-type=\"widget\" data-widget_type=\"heading.default\">\n\t\t\t\t<div class=\"elementor-widget-container\">\n\t\t\t\t\t<h2 class=\"elementor-heading-title elementor-size-default\">Step by step<\/h2>\t\t\t\t<\/div>\n\t\t\t\t<\/div>\n\t\t\t\t<div class=\"elementor-element elementor-element-01f42e2 elementor-widget-divider--view-line elementor-widget elementor-widget-divider\" data-id=\"01f42e2\" data-element_type=\"widget\" data-e-type=\"widget\" data-widget_type=\"divider.default\">\n\t\t\t\t<div class=\"elementor-widget-container\">\n\t\t\t\t\t\t\t<div class=\"elementor-divider\">\n\t\t\t<span class=\"elementor-divider-separator\">\n\t\t\t\t\t\t<\/span>\n\t\t<\/div>\n\t\t\t\t\t\t<\/div>\n\t\t\t\t<\/div>\n\t\t\t\t\t<\/div>\n\t\t<\/div>\n\t\t\t\t\t<\/div>\n\t\t<\/section>\n\t\t\t\t<section class=\"elementor-section elementor-top-section elementor-element elementor-element-564091c elementor-section-boxed elementor-section-height-default elementor-section-height-default\" data-id=\"564091c\" data-element_type=\"section\" data-e-type=\"section\">\n\t\t\t\t\t\t<div class=\"elementor-container elementor-column-gap-default\">\n\t\t\t\t\t<div class=\"elementor-column elementor-col-100 elementor-top-column elementor-element elementor-element-aea1612\" data-id=\"aea1612\" data-element_type=\"column\" data-e-type=\"column\">\n\t\t\t<div class=\"elementor-widget-wrap elementor-element-populated\">\n\t\t\t\t\t\t<div class=\"elementor-element elementor-element-6c03f3d elementor-position-left elementor-vertical-align-top elementor-widget elementor-widget-image-box\" data-id=\"6c03f3d\" data-element_type=\"widget\" data-e-type=\"widget\" data-widget_type=\"image-box.default\">\n\t\t\t\t<div class=\"elementor-widget-container\">\n\t\t\t\t\t<div class=\"elementor-image-box-wrapper\"><figure class=\"elementor-image-box-img\"><a href=\"https:\/\/www.tudortailor.com\/the-tudor-child\" target=\"_blank\" tabindex=\"-1\"><img loading=\"lazy\" decoding=\"async\" width=\"310\" height=\"400\" src=\"https:\/\/illyriantailor.com\/wp-content\/uploads\/2021\/11\/9780896762671.jpg\" class=\"attachment-full size-full wp-image-4002\" alt=\"thetudorchild\" srcset=\"https:\/\/illyriantailor.com\/wp-content\/uploads\/2021\/11\/9780896762671.jpg 310w, https:\/\/illyriantailor.com\/wp-content\/uploads\/2021\/11\/9780896762671-233x300.jpg 233w, https:\/\/illyriantailor.com\/wp-content\/uploads\/2021\/11\/9780896762671-9x12.jpg 9w\" sizes=\"(max-width: 310px) 100vw, 310px\" \/><\/a><\/figure><div class=\"elementor-image-box-content\"><p class=\"elementor-image-box-description\">The pattern comes from my favorite publication, The Tudor Child: Clothing and Culture 1485 to 1625. It is very simple and can also be used for adults. It is suitable for the period 1485-1580 for all social classes and for the lowest class until 1625. According to Veronika Piln\u00e1, this type of bonnet was geographically very widespread - it was worn not only in Western Europe, but also in Central and Southern Europe (<span style=\"text-align: center\">Clothing in Western Bohemia in the 15th to 17th centuries, p. 51). <\/span><\/p><\/div><\/div>\t\t\t\t<\/div>\n\t\t\t\t<\/div>\n\t\t\t\t\t<\/div>\n\t\t<\/div>\n\t\t\t\t\t<\/div>\n\t\t<\/section>\n\t\t\t\t<section class=\"elementor-section elementor-top-section elementor-element elementor-element-0a7605f elementor-section-boxed elementor-section-height-default elementor-section-height-default\" data-id=\"0a7605f\" data-element_type=\"section\" data-e-type=\"section\">\n\t\t\t\t\t\t<div class=\"elementor-container elementor-column-gap-default\">\n\t\t\t\t\t<div class=\"elementor-column elementor-col-100 elementor-top-column elementor-element elementor-element-75d8b33\" data-id=\"75d8b33\" data-element_type=\"column\" data-e-type=\"column\">\n\t\t\t<div class=\"elementor-widget-wrap elementor-element-populated\">\n\t\t\t\t\t\t<div class=\"elementor-element elementor-element-79b40bc elementor-position-top elementor-widget elementor-widget-image-box\" data-id=\"79b40bc\" data-element_type=\"widget\" data-e-type=\"widget\" data-widget_type=\"image-box.default\">\n\t\t\t\t<div class=\"elementor-widget-container\">\n\t\t\t\t\t<div class=\"elementor-image-box-wrapper\"><figure class=\"elementor-image-box-img\"><img loading=\"lazy\" decoding=\"async\" width=\"1024\" height=\"621\" src=\"https:\/\/illyriantailor.com\/wp-content\/uploads\/2026\/01\/Strih_eng-1.jpg\" class=\"attachment-large size-large wp-image-7135\" alt=\"\" srcset=\"https:\/\/illyriantailor.com\/wp-content\/uploads\/2026\/01\/Strih_eng-1.jpg 2040w, https:\/\/illyriantailor.com\/wp-content\/uploads\/2026\/01\/Strih_eng-1-300x225.jpg 300w, https:\/\/illyriantailor.com\/wp-content\/uploads\/2026\/01\/Strih_eng-1-1024x768.jpg 1024w, https:\/\/illyriantailor.com\/wp-content\/uploads\/2026\/01\/Strih_eng-1-768x576.jpg 768w, https:\/\/illyriantailor.com\/wp-content\/uploads\/2026\/01\/Strih_eng-1-1536x1152.jpg 1536w, https:\/\/illyriantailor.com\/wp-content\/uploads\/2026\/01\/Strih_eng-1-16x12.jpg 16w\" sizes=\"(max-width: 1024px) 100vw, 1024px\" \/><\/figure><div class=\"elementor-image-box-content\"><p class=\"elementor-image-box-description\">The basis of the pattern is the lower and upper parts of the bonnet: a simple circle forming the top of the bonnet \/ crown and the edge to which this circle is sewn - the brim of the bonnet. Add 12 mm of fabric for seams to both pieces.<\/p><\/div><\/div>\t\t\t\t<\/div>\n\t\t\t\t<\/div>\n\t\t\t\t<div class=\"elementor-element elementor-element-b1f1682 elementor-position-top elementor-widget elementor-widget-image-box\" data-id=\"b1f1682\" data-element_type=\"widget\" data-e-type=\"widget\" data-widget_type=\"image-box.default\">\n\t\t\t\t<div class=\"elementor-widget-container\">\n\t\t\t\t\t<div class=\"elementor-image-box-wrapper\"><figure class=\"elementor-image-box-img\"><img loading=\"lazy\" decoding=\"async\" width=\"1024\" height=\"768\" src=\"https:\/\/illyriantailor.com\/wp-content\/uploads\/2025\/11\/WhatsApp-Image-2025-11-11-at-17.45.21-1-1024x768.jpeg\" class=\"attachment-large size-large wp-image-7111\" alt=\"\" srcset=\"https:\/\/illyriantailor.com\/wp-content\/uploads\/2025\/11\/WhatsApp-Image-2025-11-11-at-17.45.21-1-1024x768.jpeg 1024w, https:\/\/illyriantailor.com\/wp-content\/uploads\/2025\/11\/WhatsApp-Image-2025-11-11-at-17.45.21-1-300x225.jpeg 300w, https:\/\/illyriantailor.com\/wp-content\/uploads\/2025\/11\/WhatsApp-Image-2025-11-11-at-17.45.21-1-768x576.jpeg 768w, https:\/\/illyriantailor.com\/wp-content\/uploads\/2025\/11\/WhatsApp-Image-2025-11-11-at-17.45.21-1-1536x1152.jpeg 1536w, https:\/\/illyriantailor.com\/wp-content\/uploads\/2025\/11\/WhatsApp-Image-2025-11-11-at-17.45.21-1-16x12.jpeg 16w, https:\/\/illyriantailor.com\/wp-content\/uploads\/2025\/11\/WhatsApp-Image-2025-11-11-at-17.45.21-1.jpeg 2000w\" sizes=\"(max-width: 1024px) 100vw, 1024px\" \/><\/figure><div class=\"elementor-image-box-content\"><p class=\"elementor-image-box-description\">I chose warm gray and very comfortable wool. The reason for this was to recycle an old medieval hood that was no longer being used, as well as the properties of the fabric\u2014warm wool in a nice color. <\/p><\/div><\/div>\t\t\t\t<\/div>\n\t\t\t\t<\/div>\n\t\t\t\t<div class=\"elementor-element elementor-element-37cdecd elementor-position-top elementor-widget elementor-widget-image-box\" data-id=\"37cdecd\" data-element_type=\"widget\" data-e-type=\"widget\" data-widget_type=\"image-box.default\">\n\t\t\t\t<div class=\"elementor-widget-container\">\n\t\t\t\t\t<div class=\"elementor-image-box-wrapper\"><figure class=\"elementor-image-box-img\"><img loading=\"lazy\" decoding=\"async\" width=\"768\" height=\"1024\" src=\"https:\/\/illyriantailor.com\/wp-content\/uploads\/2025\/11\/Strih-768x1024.jpg\" class=\"attachment-large size-large wp-image-7121\" alt=\"\" srcset=\"https:\/\/illyriantailor.com\/wp-content\/uploads\/2025\/11\/Strih-768x1024.jpg 768w, https:\/\/illyriantailor.com\/wp-content\/uploads\/2025\/11\/Strih-225x300.jpg 225w, https:\/\/illyriantailor.com\/wp-content\/uploads\/2025\/11\/Strih-1152x1536.jpg 1152w, https:\/\/illyriantailor.com\/wp-content\/uploads\/2025\/11\/Strih-9x12.jpg 9w, https:\/\/illyriantailor.com\/wp-content\/uploads\/2025\/11\/Strih.jpg 1500w\" sizes=\"(max-width: 768px) 100vw, 768px\" \/><\/figure><div class=\"elementor-image-box-content\"><p class=\"elementor-image-box-description\">The pattern in the book specifies the size of the bonnet for a 10 year old child with a head circumference of 56,5 cm. The pattern can be easily adjusted to the size of the wearer's head by increasing or decreasing the circumference of the brim of the bonnet, i.e. by adjusting its inner and outer circumference. According to the publication, an additional 6 mm of length should be added to the corresponding size.<\/p><\/div><\/div>\t\t\t\t<\/div>\n\t\t\t\t<\/div>\n\t\t\t\t<div class=\"elementor-element elementor-element-4270398 elementor-position-top elementor-widget elementor-widget-image-box\" data-id=\"4270398\" data-element_type=\"widget\" data-e-type=\"widget\" data-widget_type=\"image-box.default\">\n\t\t\t\t<div class=\"elementor-widget-container\">\n\t\t\t\t\t<div class=\"elementor-image-box-wrapper\"><figure class=\"elementor-image-box-img\"><img loading=\"lazy\" decoding=\"async\" width=\"768\" height=\"1024\" src=\"https:\/\/illyriantailor.com\/wp-content\/uploads\/2025\/11\/Lem-768x1024.jpg\" class=\"attachment-large size-large wp-image-7151\" alt=\"\" srcset=\"https:\/\/illyriantailor.com\/wp-content\/uploads\/2025\/11\/Lem-768x1024.jpg 768w, https:\/\/illyriantailor.com\/wp-content\/uploads\/2025\/11\/Lem-225x300.jpg 225w, https:\/\/illyriantailor.com\/wp-content\/uploads\/2025\/11\/Lem-1152x1536.jpg 1152w, https:\/\/illyriantailor.com\/wp-content\/uploads\/2025\/11\/Lem-9x12.jpg 9w, https:\/\/illyriantailor.com\/wp-content\/uploads\/2025\/11\/Lem.jpg 1500w\" sizes=\"(max-width: 768px) 100vw, 768px\" \/><\/figure><div class=\"elementor-image-box-content\"><p class=\"elementor-image-box-description\">For a simple wool bonnet like the one I made, you need to cut out two layers of brim. For those who would like a slightly better version of the bonnet, you can sew wire into the edge, which allows you to shape the bonnet in various ways when wearing it. I thought this option was unnecessary for children, so I sewed a simple brim without wire, which works very well.<\/p><\/div><\/div>\t\t\t\t<\/div>\n\t\t\t\t<\/div>\n\t\t\t\t<div class=\"elementor-element elementor-element-0a7620d elementor-position-top elementor-widget elementor-widget-image-box\" data-id=\"0a7620d\" data-element_type=\"widget\" data-e-type=\"widget\" data-widget_type=\"image-box.default\">\n\t\t\t\t<div class=\"elementor-widget-container\">\n\t\t\t\t\t<div class=\"elementor-image-box-wrapper\"><figure class=\"elementor-image-box-img\"><img loading=\"lazy\" decoding=\"async\" width=\"960\" height=\"720\" src=\"https:\/\/illyriantailor.com\/wp-content\/uploads\/2025\/11\/Sev.jpg\" class=\"attachment-large size-large wp-image-7155\" alt=\"\" srcset=\"https:\/\/illyriantailor.com\/wp-content\/uploads\/2025\/11\/Sev.jpg 960w, https:\/\/illyriantailor.com\/wp-content\/uploads\/2025\/11\/Sev-300x225.jpg 300w, https:\/\/illyriantailor.com\/wp-content\/uploads\/2025\/11\/Sev-768x576.jpg 768w, https:\/\/illyriantailor.com\/wp-content\/uploads\/2025\/11\/Sev-16x12.jpg 16w\" sizes=\"(max-width: 960px) 100vw, 960px\" \/><\/figure><div class=\"elementor-image-box-content\"><p class=\"elementor-image-box-description\">I sewed two basic layers of brim on the outside hem \u2014this hem is visible from behind the crown when worn. <\/p><\/div><\/div>\t\t\t\t<\/div>\n\t\t\t\t<\/div>\n\t\t\t\t<div class=\"elementor-element elementor-element-1afd26b elementor-position-top elementor-widget elementor-widget-image-box\" data-id=\"1afd26b\" data-element_type=\"widget\" data-e-type=\"widget\" data-widget_type=\"image-box.default\">\n\t\t\t\t<div class=\"elementor-widget-container\">\n\t\t\t\t\t<div class=\"elementor-image-box-wrapper\"><figure class=\"elementor-image-box-img\"><img loading=\"lazy\" decoding=\"async\" width=\"1024\" height=\"768\" src=\"https:\/\/illyriantailor.com\/wp-content\/uploads\/2025\/11\/Co_potrebujeme-1024x768.jpg\" class=\"attachment-large size-large wp-image-7162\" alt=\"\" srcset=\"https:\/\/illyriantailor.com\/wp-content\/uploads\/2025\/11\/Co_potrebujeme-1024x768.jpg 1024w, https:\/\/illyriantailor.com\/wp-content\/uploads\/2025\/11\/Co_potrebujeme-300x225.jpg 300w, https:\/\/illyriantailor.com\/wp-content\/uploads\/2025\/11\/Co_potrebujeme-768x576.jpg 768w, https:\/\/illyriantailor.com\/wp-content\/uploads\/2025\/11\/Co_potrebujeme-1536x1152.jpg 1536w, https:\/\/illyriantailor.com\/wp-content\/uploads\/2025\/11\/Co_potrebujeme-16x12.jpg 16w, https:\/\/illyriantailor.com\/wp-content\/uploads\/2025\/11\/Co_potrebujeme.jpg 2000w\" sizes=\"(max-width: 1024px) 100vw, 1024px\" \/><\/figure><div class=\"elementor-image-box-content\"><p class=\"elementor-image-box-description\">In addition to warm outer fabric, it is also good to use lining for the bonnet \u2013 I chose light-colored linen. Its size is equal to the size of the upper part (crown of the bonnet). <\/p><\/div><\/div>\t\t\t\t<\/div>\n\t\t\t\t<\/div>\n\t\t\t\t<div class=\"elementor-element elementor-element-e994cdd elementor-position-top elementor-widget elementor-widget-image-box\" data-id=\"e994cdd\" data-element_type=\"widget\" data-e-type=\"widget\" data-widget_type=\"image-box.default\">\n\t\t\t\t<div class=\"elementor-widget-container\">\n\t\t\t\t\t<div class=\"elementor-image-box-wrapper\"><figure class=\"elementor-image-box-img\"><img loading=\"lazy\" decoding=\"async\" width=\"1024\" height=\"768\" src=\"https:\/\/illyriantailor.com\/wp-content\/uploads\/2025\/11\/WhatsApp-Image-2025-11-11-at-17.45.21-1024x768.jpeg\" class=\"attachment-large size-large wp-image-7169\" alt=\"\" srcset=\"https:\/\/illyriantailor.com\/wp-content\/uploads\/2025\/11\/WhatsApp-Image-2025-11-11-at-17.45.21-1024x768.jpeg 1024w, https:\/\/illyriantailor.com\/wp-content\/uploads\/2025\/11\/WhatsApp-Image-2025-11-11-at-17.45.21-300x225.jpeg 300w, https:\/\/illyriantailor.com\/wp-content\/uploads\/2025\/11\/WhatsApp-Image-2025-11-11-at-17.45.21-768x576.jpeg 768w, https:\/\/illyriantailor.com\/wp-content\/uploads\/2025\/11\/WhatsApp-Image-2025-11-11-at-17.45.21-1536x1152.jpeg 1536w, https:\/\/illyriantailor.com\/wp-content\/uploads\/2025\/11\/WhatsApp-Image-2025-11-11-at-17.45.21-16x12.jpeg 16w, https:\/\/illyriantailor.com\/wp-content\/uploads\/2025\/11\/WhatsApp-Image-2025-11-11-at-17.45.21.jpeg 2000w\" sizes=\"(max-width: 1024px) 100vw, 1024px\" \/><\/figure><div class=\"elementor-image-box-content\"><p class=\"elementor-image-box-description\">I placed both circles\u2014the woolen crown of the bonnet and the linen lining\u2014together and gathered them with thick thread. The circumference of the gathering must correspond to the inner circumference of the brim. I first gathered the bonnet with thick cotton thread to set the appropriate volume and then sewed it with a denser stitch. Then I attached the gathered fabric to the brim.<\/p><\/div><\/div>\t\t\t\t<\/div>\n\t\t\t\t<\/div>\n\t\t\t\t<div class=\"elementor-element elementor-element-341ea6c elementor-position-top elementor-widget elementor-widget-image-box\" data-id=\"341ea6c\" data-element_type=\"widget\" data-e-type=\"widget\" data-widget_type=\"image-box.default\">\n\t\t\t\t<div class=\"elementor-widget-container\">\n\t\t\t\t\t<div class=\"elementor-image-box-wrapper\"><figure class=\"elementor-image-box-img\"><img loading=\"lazy\" decoding=\"async\" width=\"768\" height=\"1024\" src=\"https:\/\/illyriantailor.com\/wp-content\/uploads\/2025\/11\/Naraseni-768x1024.jpg\" class=\"attachment-large size-large wp-image-7185\" alt=\"\" srcset=\"https:\/\/illyriantailor.com\/wp-content\/uploads\/2025\/11\/Naraseni-768x1024.jpg 768w, https:\/\/illyriantailor.com\/wp-content\/uploads\/2025\/11\/Naraseni-225x300.jpg 225w, https:\/\/illyriantailor.com\/wp-content\/uploads\/2025\/11\/Naraseni-1152x1536.jpg 1152w, https:\/\/illyriantailor.com\/wp-content\/uploads\/2025\/11\/Naraseni-9x12.jpg 9w, https:\/\/illyriantailor.com\/wp-content\/uploads\/2025\/11\/Naraseni.jpg 1500w\" sizes=\"(max-width: 768px) 100vw, 768px\" \/><\/figure><div class=\"elementor-image-box-content\"><p class=\"elementor-image-box-description\">After gathering and sewing it with a dense stitch, I removed the original cotton cord from the bonnet, which was only used to make gathering easier, not as a permanent stitch. <\/p><\/div><\/div>\t\t\t\t<\/div>\n\t\t\t\t<\/div>\n\t\t\t\t<div class=\"elementor-element elementor-element-9ae3a38 elementor-position-top elementor-widget elementor-widget-image-box\" data-id=\"9ae3a38\" data-element_type=\"widget\" data-e-type=\"widget\" data-widget_type=\"image-box.default\">\n\t\t\t\t<div class=\"elementor-widget-container\">\n\t\t\t\t\t<div class=\"elementor-image-box-wrapper\"><figure class=\"elementor-image-box-img\"><img loading=\"lazy\" decoding=\"async\" width=\"768\" height=\"1024\" src=\"https:\/\/illyriantailor.com\/wp-content\/uploads\/2025\/11\/Hotove_kusy-768x1024.jpg\" class=\"attachment-large size-large wp-image-7189\" alt=\"\" srcset=\"https:\/\/illyriantailor.com\/wp-content\/uploads\/2025\/11\/Hotove_kusy-768x1024.jpg 768w, https:\/\/illyriantailor.com\/wp-content\/uploads\/2025\/11\/Hotove_kusy-225x300.jpg 225w, https:\/\/illyriantailor.com\/wp-content\/uploads\/2025\/11\/Hotove_kusy-1152x1536.jpg 1152w, https:\/\/illyriantailor.com\/wp-content\/uploads\/2025\/11\/Hotove_kusy-9x12.jpg 9w, https:\/\/illyriantailor.com\/wp-content\/uploads\/2025\/11\/Hotove_kusy.jpg 1500w\" sizes=\"(max-width: 768px) 100vw, 768px\" \/><\/figure><div class=\"elementor-image-box-content\"><p class=\"elementor-image-box-description\">This creates a gathered and lined bonnet crown and brim, which is sewn along the outer edge. The gathered crown must be sewn to the inner circumference of the brim at the gathering point. <\/p><\/div><\/div>\t\t\t\t<\/div>\n\t\t\t\t<\/div>\n\t\t\t\t<div class=\"elementor-element elementor-element-9a1a16c elementor-position-top elementor-widget elementor-widget-image-box\" data-id=\"9a1a16c\" data-element_type=\"widget\" data-e-type=\"widget\" data-widget_type=\"image-box.default\">\n\t\t\t\t<div class=\"elementor-widget-container\">\n\t\t\t\t\t<div class=\"elementor-image-box-wrapper\"><figure class=\"elementor-image-box-img\"><img loading=\"lazy\" decoding=\"async\" width=\"1024\" height=\"768\" src=\"https:\/\/illyriantailor.com\/wp-content\/uploads\/2025\/11\/Prouzek-1024x768.jpg\" class=\"attachment-large size-large wp-image-7196\" alt=\"\" srcset=\"https:\/\/illyriantailor.com\/wp-content\/uploads\/2025\/11\/Prouzek-1024x768.jpg 1024w, https:\/\/illyriantailor.com\/wp-content\/uploads\/2025\/11\/Prouzek-300x225.jpg 300w, https:\/\/illyriantailor.com\/wp-content\/uploads\/2025\/11\/Prouzek-768x576.jpg 768w, https:\/\/illyriantailor.com\/wp-content\/uploads\/2025\/11\/Prouzek-1536x1152.jpg 1536w, https:\/\/illyriantailor.com\/wp-content\/uploads\/2025\/11\/Prouzek-16x12.jpg 16w, https:\/\/illyriantailor.com\/wp-content\/uploads\/2025\/11\/Prouzek.jpg 2000w\" sizes=\"(max-width: 1024px) 100vw, 1024px\" \/><\/figure><div class=\"elementor-image-box-content\"><p class=\"elementor-image-box-description\">After joining the upper and lower parts of the bonnet, it is necessary to attach a strip of lining to the gathered crown (as a kind of finish to the rough join between the two parts) \u2013 I used light gray linen. The strip of fabric should be 2,5 cm wide and the same length as the circumference of the gathered edge\/inner brim (just add a little extra to the length). <\/p><\/div><\/div>\t\t\t\t<\/div>\n\t\t\t\t<\/div>\n\t\t\t\t<div class=\"elementor-element elementor-element-a227f83 elementor-position-top elementor-widget elementor-widget-image-box\" data-id=\"a227f83\" data-element_type=\"widget\" data-e-type=\"widget\" data-widget_type=\"image-box.default\">\n\t\t\t\t<div class=\"elementor-widget-container\">\n\t\t\t\t\t<div class=\"elementor-image-box-wrapper\"><figure class=\"elementor-image-box-img\"><img loading=\"lazy\" decoding=\"async\" width=\"768\" height=\"1024\" src=\"https:\/\/illyriantailor.com\/wp-content\/uploads\/2025\/11\/Vnitrek-768x1024.jpg\" class=\"attachment-large size-large wp-image-7230\" alt=\"\" srcset=\"https:\/\/illyriantailor.com\/wp-content\/uploads\/2025\/11\/Vnitrek-768x1024.jpg 768w, https:\/\/illyriantailor.com\/wp-content\/uploads\/2025\/11\/Vnitrek-225x300.jpg 225w, https:\/\/illyriantailor.com\/wp-content\/uploads\/2025\/11\/Vnitrek-1152x1536.jpg 1152w, https:\/\/illyriantailor.com\/wp-content\/uploads\/2025\/11\/Vnitrek-9x12.jpg 9w, https:\/\/illyriantailor.com\/wp-content\/uploads\/2025\/11\/Vnitrek.jpg 1500w\" sizes=\"(max-width: 768px) 100vw, 768px\" \/><\/figure><div class=\"elementor-image-box-content\"><p class=\"elementor-image-box-description\">The inside of the bonnet after all the parts have been joined together.<\/p><\/div><\/div>\t\t\t\t<\/div>\n\t\t\t\t<\/div>\n\t\t\t\t<div class=\"elementor-element elementor-element-d3635fe elementor-position-top elementor-widget elementor-widget-image-box\" data-id=\"d3635fe\" data-element_type=\"widget\" data-e-type=\"widget\" data-widget_type=\"image-box.default\">\n\t\t\t\t<div class=\"elementor-widget-container\">\n\t\t\t\t\t<div class=\"elementor-image-box-wrapper\"><figure class=\"elementor-image-box-img\"><img loading=\"lazy\" decoding=\"async\" width=\"768\" height=\"1024\" src=\"https:\/\/illyriantailor.com\/wp-content\/uploads\/2025\/11\/Vysledek-768x1024.jpg\" class=\"attachment-large size-large wp-image-7234\" alt=\"\" srcset=\"https:\/\/illyriantailor.com\/wp-content\/uploads\/2025\/11\/Vysledek-768x1024.jpg 768w, https:\/\/illyriantailor.com\/wp-content\/uploads\/2025\/11\/Vysledek-225x300.jpg 225w, https:\/\/illyriantailor.com\/wp-content\/uploads\/2025\/11\/Vysledek-1152x1536.jpg 1152w, https:\/\/illyriantailor.com\/wp-content\/uploads\/2025\/11\/Vysledek-9x12.jpg 9w, https:\/\/illyriantailor.com\/wp-content\/uploads\/2025\/11\/Vysledek.jpg 1500w\" sizes=\"(max-width: 768px) 100vw, 768px\" \/><\/figure><div class=\"elementor-image-box-content\"><p class=\"elementor-image-box-description\">The finished bonnet.<\/p><\/div><\/div>\t\t\t\t<\/div>\n\t\t\t\t<\/div>\n\t\t\t\t<div class=\"elementor-element elementor-element-cc82c42 elementor-position-top elementor-widget elementor-widget-image-box\" data-id=\"cc82c42\" data-element_type=\"widget\" data-e-type=\"widget\" data-widget_type=\"image-box.default\">\n\t\t\t\t<div class=\"elementor-widget-container\">\n\t\t\t\t\t<div class=\"elementor-image-box-wrapper\"><figure class=\"elementor-image-box-img\"><img loading=\"lazy\" decoding=\"async\" width=\"1024\" height=\"768\" src=\"https:\/\/illyriantailor.com\/wp-content\/uploads\/2025\/11\/WhatsApp-Image-2025-11-11-at-18.21.02-9-1024x768.jpeg\" class=\"attachment-large size-large wp-image-7238\" alt=\"\" srcset=\"https:\/\/illyriantailor.com\/wp-content\/uploads\/2025\/11\/WhatsApp-Image-2025-11-11-at-18.21.02-9-1024x768.jpeg 1024w, https:\/\/illyriantailor.com\/wp-content\/uploads\/2025\/11\/WhatsApp-Image-2025-11-11-at-18.21.02-9-300x225.jpeg 300w, https:\/\/illyriantailor.com\/wp-content\/uploads\/2025\/11\/WhatsApp-Image-2025-11-11-at-18.21.02-9-768x576.jpeg 768w, https:\/\/illyriantailor.com\/wp-content\/uploads\/2025\/11\/WhatsApp-Image-2025-11-11-at-18.21.02-9-1536x1152.jpeg 1536w, https:\/\/illyriantailor.com\/wp-content\/uploads\/2025\/11\/WhatsApp-Image-2025-11-11-at-18.21.02-9-16x12.jpeg 16w, https:\/\/illyriantailor.com\/wp-content\/uploads\/2025\/11\/WhatsApp-Image-2025-11-11-at-18.21.02-9.jpeg 2000w\" sizes=\"(max-width: 1024px) 100vw, 1024px\" \/><\/figure><\/div>\t\t\t\t<\/div>\n\t\t\t\t<\/div>\n\t\t\t\t<div class=\"elementor-element elementor-element-2f93b2c elementor-position-top elementor-widget elementor-widget-image-box\" data-id=\"2f93b2c\" data-element_type=\"widget\" data-e-type=\"widget\" data-widget_type=\"image-box.default\">\n\t\t\t\t<div class=\"elementor-widget-container\">\n\t\t\t\t\t<div class=\"elementor-image-box-wrapper\"><figure class=\"elementor-image-box-img\"><img loading=\"lazy\" decoding=\"async\" width=\"768\" height=\"1024\" src=\"https:\/\/illyriantailor.com\/wp-content\/uploads\/2025\/11\/WhatsApp-Image-2025-11-11-at-18.21.02-2-768x1024.jpeg\" class=\"attachment-large size-large wp-image-7242\" alt=\"\" srcset=\"https:\/\/illyriantailor.com\/wp-content\/uploads\/2025\/11\/WhatsApp-Image-2025-11-11-at-18.21.02-2-768x1024.jpeg 768w, https:\/\/illyriantailor.com\/wp-content\/uploads\/2025\/11\/WhatsApp-Image-2025-11-11-at-18.21.02-2-225x300.jpeg 225w, https:\/\/illyriantailor.com\/wp-content\/uploads\/2025\/11\/WhatsApp-Image-2025-11-11-at-18.21.02-2-1152x1536.jpeg 1152w, https:\/\/illyriantailor.com\/wp-content\/uploads\/2025\/11\/WhatsApp-Image-2025-11-11-at-18.21.02-2-9x12.jpeg 9w, https:\/\/illyriantailor.com\/wp-content\/uploads\/2025\/11\/WhatsApp-Image-2025-11-11-at-18.21.02-2.jpeg 1500w\" sizes=\"(max-width: 768px) 100vw, 768px\" \/><\/figure><\/div>\t\t\t\t<\/div>\n\t\t\t\t<\/div>\n\t\t\t\t<div class=\"elementor-element elementor-element-e38cc08 elementor-position-top elementor-widget elementor-widget-image-box\" data-id=\"e38cc08\" data-element_type=\"widget\" data-e-type=\"widget\" data-widget_type=\"image-box.default\">\n\t\t\t\t<div class=\"elementor-widget-container\">\n\t\t\t\t\t<div class=\"elementor-image-box-wrapper\"><figure class=\"elementor-image-box-img\"><img loading=\"lazy\" decoding=\"async\" width=\"960\" height=\"720\" src=\"https:\/\/illyriantailor.com\/wp-content\/uploads\/2025\/11\/Hotovy_baret.jpg\" class=\"attachment-large size-large wp-image-7557\" alt=\"\" srcset=\"https:\/\/illyriantailor.com\/wp-content\/uploads\/2025\/11\/Hotovy_baret.jpg 960w, https:\/\/illyriantailor.com\/wp-content\/uploads\/2025\/11\/Hotovy_baret-300x225.jpg 300w, https:\/\/illyriantailor.com\/wp-content\/uploads\/2025\/11\/Hotovy_baret-768x576.jpg 768w, https:\/\/illyriantailor.com\/wp-content\/uploads\/2025\/11\/Hotovy_baret-16x12.jpg 16w\" sizes=\"(max-width: 960px) 100vw, 960px\" \/><\/figure><\/div>\t\t\t\t<\/div>\n\t\t\t\t<\/div>\n\t\t\t\t<div class=\"elementor-element elementor-element-916d9f1 elementor-position-top elementor-widget elementor-widget-image-box\" data-id=\"916d9f1\" data-element_type=\"widget\" data-e-type=\"widget\" data-widget_type=\"image-box.default\">\n\t\t\t\t<div class=\"elementor-widget-container\">\n\t\t\t\t\t<div class=\"elementor-image-box-wrapper\"><figure class=\"elementor-image-box-img\"><img loading=\"lazy\" decoding=\"async\" width=\"768\" height=\"1024\" src=\"https:\/\/illyriantailor.com\/wp-content\/uploads\/2025\/11\/WhatsApp-Image-2025-11-11-at-18.21.01-5-768x1024.jpeg\" class=\"attachment-large size-large wp-image-7246\" alt=\"\" srcset=\"https:\/\/illyriantailor.com\/wp-content\/uploads\/2025\/11\/WhatsApp-Image-2025-11-11-at-18.21.01-5-768x1024.jpeg 768w, https:\/\/illyriantailor.com\/wp-content\/uploads\/2025\/11\/WhatsApp-Image-2025-11-11-at-18.21.01-5-225x300.jpeg 225w, https:\/\/illyriantailor.com\/wp-content\/uploads\/2025\/11\/WhatsApp-Image-2025-11-11-at-18.21.01-5-1152x1536.jpeg 1152w, https:\/\/illyriantailor.com\/wp-content\/uploads\/2025\/11\/WhatsApp-Image-2025-11-11-at-18.21.01-5-9x12.jpeg 9w, https:\/\/illyriantailor.com\/wp-content\/uploads\/2025\/11\/WhatsApp-Image-2025-11-11-at-18.21.01-5.jpeg 1500w\" sizes=\"(max-width: 768px) 100vw, 768px\" \/><\/figure><\/div>\t\t\t\t<\/div>\n\t\t\t\t<\/div>\n\t\t\t\t<div class=\"elementor-element elementor-element-0ef8c6a elementor-position-top elementor-widget elementor-widget-image-box\" data-id=\"0ef8c6a\" data-element_type=\"widget\" data-e-type=\"widget\" data-widget_type=\"image-box.default\">\n\t\t\t\t<div class=\"elementor-widget-container\">\n\t\t\t\t\t<div class=\"elementor-image-box-wrapper\"><figure class=\"elementor-image-box-img\"><img loading=\"lazy\" decoding=\"async\" width=\"768\" height=\"1024\" src=\"https:\/\/illyriantailor.com\/wp-content\/uploads\/2025\/11\/WhatsApp-Image-2025-11-11-at-18.21.01-4-768x1024.jpeg\" class=\"attachment-large size-large wp-image-7250\" alt=\"\" srcset=\"https:\/\/illyriantailor.com\/wp-content\/uploads\/2025\/11\/WhatsApp-Image-2025-11-11-at-18.21.01-4-768x1024.jpeg 768w, https:\/\/illyriantailor.com\/wp-content\/uploads\/2025\/11\/WhatsApp-Image-2025-11-11-at-18.21.01-4-225x300.jpeg 225w, https:\/\/illyriantailor.com\/wp-content\/uploads\/2025\/11\/WhatsApp-Image-2025-11-11-at-18.21.01-4-1152x1536.jpeg 1152w, https:\/\/illyriantailor.com\/wp-content\/uploads\/2025\/11\/WhatsApp-Image-2025-11-11-at-18.21.01-4-9x12.jpeg 9w, https:\/\/illyriantailor.com\/wp-content\/uploads\/2025\/11\/WhatsApp-Image-2025-11-11-at-18.21.01-4.jpeg 1500w\" sizes=\"(max-width: 768px) 100vw, 768px\" \/><\/figure><\/div>\t\t\t\t<\/div>\n\t\t\t\t<\/div>\n\t\t\t\t<div class=\"elementor-element elementor-element-e42c620 elementor-position-top elementor-widget elementor-widget-image-box\" data-id=\"e42c620\" data-element_type=\"widget\" data-e-type=\"widget\" data-widget_type=\"image-box.default\">\n\t\t\t\t<div class=\"elementor-widget-container\">\n\t\t\t\t\t<div class=\"elementor-image-box-wrapper\"><figure class=\"elementor-image-box-img\"><img loading=\"lazy\" decoding=\"async\" width=\"819\" height=\"1024\" src=\"https:\/\/illyriantailor.com\/wp-content\/uploads\/2025\/11\/WhatsApp-Image-2025-11-11-at-18.20.42-819x1024.jpeg\" class=\"attachment-large size-large wp-image-7254\" alt=\"\" srcset=\"https:\/\/illyriantailor.com\/wp-content\/uploads\/2025\/11\/WhatsApp-Image-2025-11-11-at-18.20.42-819x1024.jpeg 819w, https:\/\/illyriantailor.com\/wp-content\/uploads\/2025\/11\/WhatsApp-Image-2025-11-11-at-18.20.42-240x300.jpeg 240w, https:\/\/illyriantailor.com\/wp-content\/uploads\/2025\/11\/WhatsApp-Image-2025-11-11-at-18.20.42-768x960.jpeg 768w, https:\/\/illyriantailor.com\/wp-content\/uploads\/2025\/11\/WhatsApp-Image-2025-11-11-at-18.20.42-10x12.jpeg 10w, https:\/\/illyriantailor.com\/wp-content\/uploads\/2025\/11\/WhatsApp-Image-2025-11-11-at-18.20.42.jpeg 1080w\" sizes=\"(max-width: 819px) 100vw, 819px\" \/><\/figure><div class=\"elementor-image-box-content\"><p class=\"elementor-image-box-description\">I must admit that I have grown very fond of the bonnet myself.<\/p><\/div><\/div>\t\t\t\t<\/div>\n\t\t\t\t<\/div>\n\t\t\t\t<div class=\"elementor-element elementor-element-a1f1638 elementor-position-top elementor-widget elementor-widget-image-box\" data-id=\"a1f1638\" data-element_type=\"widget\" data-e-type=\"widget\" data-widget_type=\"image-box.default\">\n\t\t\t\t<div class=\"elementor-widget-container\">\n\t\t\t\t\t<div class=\"elementor-image-box-wrapper\"><figure class=\"elementor-image-box-img\"><img loading=\"lazy\" decoding=\"async\" width=\"720\" height=\"960\" src=\"https:\/\/illyriantailor.com\/wp-content\/uploads\/2025\/02\/Chlumec_baret_Lada_Shlomo.jpg\" class=\"attachment-large size-large wp-image-6060\" alt=\"\" srcset=\"https:\/\/illyriantailor.com\/wp-content\/uploads\/2025\/02\/Chlumec_baret_Lada_Shlomo.jpg 720w, https:\/\/illyriantailor.com\/wp-content\/uploads\/2025\/02\/Chlumec_baret_Lada_Shlomo-225x300.jpg 225w, https:\/\/illyriantailor.com\/wp-content\/uploads\/2025\/02\/Chlumec_baret_Lada_Shlomo-9x12.jpg 9w\" sizes=\"(max-width: 720px) 100vw, 720px\" \/><\/figure><div class=\"elementor-image-box-content\"><p class=\"elementor-image-box-description\">Bonnet in the rain at the historical event \"Soldiers in the Village\" at the open-air museum in Vysok\u00fd Chlumec.<\/p><\/div><\/div>\t\t\t\t<\/div>\n\t\t\t\t<\/div>\n\t\t\t\t\t<\/div>\n\t\t<\/div>\n\t\t\t\t\t<\/div>\n\t\t<\/section>\n\t\t\t\t<section class=\"elementor-section elementor-top-section elementor-element elementor-element-46dc130 elementor-section-boxed elementor-section-height-default elementor-section-height-default\" data-id=\"46dc130\" data-element_type=\"section\" data-e-type=\"section\">\n\t\t\t\t\t\t<div class=\"elementor-container elementor-column-gap-default\">\n\t\t\t\t\t<div class=\"elementor-column elementor-col-100 elementor-top-column elementor-element elementor-element-5f97329\" data-id=\"5f97329\" data-element_type=\"column\" data-e-type=\"column\">\n\t\t\t<div class=\"elementor-widget-wrap elementor-element-populated\">\n\t\t\t\t\t\t<div class=\"elementor-element elementor-element-0190209 elementor-widget elementor-widget-heading\" data-id=\"0190209\" data-element_type=\"widget\" data-e-type=\"widget\" data-widget_type=\"heading.default\">\n\t\t\t\t<div class=\"elementor-widget-container\">\n\t\t\t\t\t<h2 class=\"elementor-heading-title elementor-size-default\">What did I use?<\/h2>\t\t\t\t<\/div>\n\t\t\t\t<\/div>\n\t\t\t\t\t<\/div>\n\t\t<\/div>\n\t\t\t\t\t<\/div>\n\t\t<\/section>\n\t\t\t\t<section class=\"elementor-section elementor-top-section elementor-element elementor-element-531ee8d elementor-section-boxed elementor-section-height-default elementor-section-height-default\" data-id=\"531ee8d\" data-element_type=\"section\" data-e-type=\"section\">\n\t\t\t\t\t\t<div class=\"elementor-container elementor-column-gap-default\">\n\t\t\t\t\t<div class=\"elementor-column elementor-col-100 elementor-top-column elementor-element elementor-element-91c5572\" data-id=\"91c5572\" data-element_type=\"column\" data-e-type=\"column\">\n\t\t\t<div class=\"elementor-widget-wrap elementor-element-populated\">\n\t\t\t\t\t\t<div class=\"elementor-element elementor-element-a1965b4 elementor-icon-list--layout-traditional elementor-list-item-link-full_width elementor-widget elementor-widget-icon-list\" data-id=\"a1965b4\" data-element_type=\"widget\" data-e-type=\"widget\" data-widget_type=\"icon-list.default\">\n\t\t\t\t<div class=\"elementor-widget-container\">\n\t\t\t\t\t\t\t<ul class=\"elementor-icon-list-items\">\n\t\t\t\t\t\t\t<li class=\"elementor-icon-list-item\">\n\t\t\t\t\t\t\t\t\t\t\t<span class=\"elementor-icon-list-icon\">\n\t\t\t\t\t\t\t<i aria-hidden=\"true\" class=\"fas fa-graduation-cap\"><\/i>\t\t\t\t\t\t<\/span>\n\t\t\t\t\t\t\t\t\t\t<span class=\"elementor-icon-list-text\">Warm, comfortable wool fabric (you can recycle or use scraps)<\/span>\n\t\t\t\t\t\t\t\t\t<\/li>\n\t\t\t\t\t\t\t\t<li class=\"elementor-icon-list-item\">\n\t\t\t\t\t\t\t\t\t\t\t<span class=\"elementor-icon-list-icon\">\n\t\t\t\t\t\t\t<i aria-hidden=\"true\" class=\"fas fa-graduation-cap\"><\/i>\t\t\t\t\t\t<\/span>\n\t\t\t\t\t\t\t\t\t\t<span class=\"elementor-icon-list-text\">Remaining linen for lining and brim (again, you can recycle or use leftovers)<\/span>\n\t\t\t\t\t\t\t\t\t<\/li>\n\t\t\t\t\t\t\t\t<li class=\"elementor-icon-list-item\">\n\t\t\t\t\t\t\t\t\t\t\t<span class=\"elementor-icon-list-icon\">\n\t\t\t\t\t\t\t<i aria-hidden=\"true\" class=\"fas fa-graduation-cap\"><\/i>\t\t\t\t\t\t<\/span>\n\t\t\t\t\t\t\t\t\t\t<span class=\"elementor-icon-list-text\">Thicker thread\/string for coarse gathering of the edge\/hem of the bonnet<\/span>\n\t\t\t\t\t\t\t\t\t<\/li>\n\t\t\t\t\t\t\t\t<li class=\"elementor-icon-list-item\">\n\t\t\t\t\t\t\t\t\t\t\t<a href=\"https:\/\/kutil-florenc.cz\/knoflikova-nit-lnena-kovarska-rezna-p4488\" target=\"_blank\">\n\n\t\t\t\t\t\t\t\t\t\t\t\t<span class=\"elementor-icon-list-icon\">\n\t\t\t\t\t\t\t<i aria-hidden=\"true\" class=\"fas fa-graduation-cap\"><\/i>\t\t\t\t\t\t<\/span>\n\t\t\t\t\t\t\t\t\t\t<span class=\"elementor-icon-list-text\">Linen gray thread for seams<\/span>\n\t\t\t\t\t\t\t\t\t\t\t<\/a>\n\t\t\t\t\t\t\t\t\t<\/li>\n\t\t\t\t\t\t<\/ul>\n\t\t\t\t\t\t<\/div>\n\t\t\t\t<\/div>\n\t\t\t\t\t<\/div>\n\t\t<\/div>\n\t\t\t\t\t<\/div>\n\t\t<\/section>\n\t\t\t\t<section class=\"elementor-section elementor-top-section elementor-element elementor-element-15db1a0 elementor-section-boxed elementor-section-height-default elementor-section-height-default\" data-id=\"15db1a0\" data-element_type=\"section\" data-e-type=\"section\">\n\t\t\t\t\t\t<div class=\"elementor-container elementor-column-gap-default\">\n\t\t\t\t\t<div class=\"elementor-column elementor-col-100 elementor-top-column elementor-element elementor-element-586c3e2\" data-id=\"586c3e2\" data-element_type=\"column\" data-e-type=\"column\">\n\t\t\t<div class=\"elementor-widget-wrap elementor-element-populated\">\n\t\t\t\t\t\t<div class=\"elementor-element elementor-element-9d3ccd1 elementor-widget elementor-widget-heading\" data-id=\"9d3ccd1\" data-element_type=\"widget\" data-e-type=\"widget\" data-widget_type=\"heading.default\">\n\t\t\t\t<div class=\"elementor-widget-container\">\n\t\t\t\t\t<h2 class=\"elementor-heading-title elementor-size-default\">What will I do differently next time? <\/h2>\t\t\t\t<\/div>\n\t\t\t\t<\/div>\n\t\t\t\t\t<\/div>\n\t\t<\/div>\n\t\t\t\t\t<\/div>\n\t\t<\/section>\n\t\t\t\t<section class=\"elementor-section elementor-top-section elementor-element elementor-element-e60b0c9 elementor-section-boxed elementor-section-height-default elementor-section-height-default\" data-id=\"e60b0c9\" data-element_type=\"section\" data-e-type=\"section\">\n\t\t\t\t\t\t<div class=\"elementor-container elementor-column-gap-default\">\n\t\t\t\t\t<div class=\"elementor-column elementor-col-100 elementor-top-column elementor-element elementor-element-b349058\" data-id=\"b349058\" data-element_type=\"column\" data-e-type=\"column\">\n\t\t\t<div class=\"elementor-widget-wrap elementor-element-populated\">\n\t\t\t\t\t\t<div class=\"elementor-element elementor-element-eb51926 elementor-icon-list--layout-traditional elementor-list-item-link-full_width elementor-widget elementor-widget-icon-list\" data-id=\"eb51926\" data-element_type=\"widget\" data-e-type=\"widget\" data-widget_type=\"icon-list.default\">\n\t\t\t\t<div class=\"elementor-widget-container\">\n\t\t\t\t\t\t\t<ul class=\"elementor-icon-list-items\">\n\t\t\t\t\t\t\t<li class=\"elementor-icon-list-item\">\n\t\t\t\t\t\t\t\t\t\t\t<span class=\"elementor-icon-list-icon\">\n\t\t\t\t\t\t\t<i aria-hidden=\"true\" class=\"far fa-dot-circle\"><\/i>\t\t\t\t\t\t<\/span>\n\t\t\t\t\t\t\t\t\t\t<span class=\"elementor-icon-list-text\">So far, the bonnet seems perfect to us and we haven't had any complaints about it. Perhaps the only thing that keeps bothering me is how to sew it to fit a growing head. Theoretically, it seems just as easy\/difficult to sew a new size of bonnet as it is to enlarge an existing one. <\/span>\n\t\t\t\t\t\t\t\t\t<\/li>\n\t\t\t\t\t\t<\/ul>\n\t\t\t\t\t\t<\/div>\n\t\t\t\t<\/div>\n\t\t\t\t\t<\/div>\n\t\t<\/div>\n\t\t\t\t\t<\/div>\n\t\t<\/section>\n\t\t\t\t<section class=\"elementor-section elementor-top-section elementor-element elementor-element-f77e28f elementor-section-boxed elementor-section-height-default elementor-section-height-default\" data-id=\"f77e28f\" data-element_type=\"section\" data-e-type=\"section\">\n\t\t\t\t\t\t<div class=\"elementor-container elementor-column-gap-default\">\n\t\t\t\t\t<div class=\"elementor-column elementor-col-100 elementor-top-column elementor-element elementor-element-d9cd9b8\" data-id=\"d9cd9b8\" data-element_type=\"column\" data-e-type=\"column\">\n\t\t\t<div class=\"elementor-widget-wrap elementor-element-populated\">\n\t\t\t\t\t\t<div class=\"elementor-element elementor-element-634c4a8 elementor-widget elementor-widget-heading\" data-id=\"634c4a8\" data-element_type=\"widget\" data-e-type=\"widget\" data-widget_type=\"heading.default\">\n\t\t\t\t<div class=\"elementor-widget-container\">\n\t\t\t\t\t<h2 class=\"elementor-heading-title elementor-size-default\">Highlights:<\/h2>\t\t\t\t<\/div>\n\t\t\t\t<\/div>\n\t\t\t\t<div class=\"elementor-element elementor-element-f0ac642 elementor-icon-list--layout-traditional elementor-list-item-link-full_width elementor-widget elementor-widget-icon-list\" data-id=\"f0ac642\" data-element_type=\"widget\" data-e-type=\"widget\" data-widget_type=\"icon-list.default\">\n\t\t\t\t<div class=\"elementor-widget-container\">\n\t\t\t\t\t\t\t<ul class=\"elementor-icon-list-items\">\n\t\t\t\t\t\t\t<li class=\"elementor-icon-list-item\">\n\t\t\t\t\t\t\t\t\t\t\t<span class=\"elementor-icon-list-icon\">\n\t\t\t\t\t\t\t<i aria-hidden=\"true\" class=\"fas fa-circle\"><\/i>\t\t\t\t\t\t<\/span>\n\t\t\t\t\t\t\t\t\t\t<span class=\"elementor-icon-list-text\">It is good to choose warm, densely woven wool so that the bonnet is as warm as possible and resistant to adverse weather conditions.<\/span>\n\t\t\t\t\t\t\t\t\t<\/li>\n\t\t\t\t\t\t\t\t<li class=\"elementor-icon-list-item\">\n\t\t\t\t\t\t\t\t\t\t\t<span class=\"elementor-icon-list-icon\">\n\t\t\t\t\t\t\t<i aria-hidden=\"true\" class=\"fas fa-circle\"><\/i>\t\t\t\t\t\t<\/span>\n\t\t\t\t\t\t\t\t\t\t<span class=\"elementor-icon-list-text\">The bonnet proved particularly useful in the rain, when it really protected the head from getting wet thanks to its double layer of warm wool and linen lining. It can be worn over a coif, when the double layer of headwear works very well in strong winds and cold weather, mainly because the coif also covers the child's ears.<\/span>\n\t\t\t\t\t\t\t\t\t<\/li>\n\t\t\t\t\t\t<\/ul>\n\t\t\t\t\t\t<\/div>\n\t\t\t\t<\/div>\n\t\t\t\t\t<\/div>\n\t\t<\/div>\n\t\t\t\t\t<\/div>\n\t\t<\/section>\n\t\t\t\t<section class=\"elementor-section elementor-top-section elementor-element elementor-element-ab32430 elementor-section-boxed elementor-section-height-default elementor-section-height-default\" data-id=\"ab32430\" data-element_type=\"section\" data-e-type=\"section\">\n\t\t\t\t\t\t<div class=\"elementor-container elementor-column-gap-default\">\n\t\t\t\t\t<div class=\"elementor-column elementor-col-100 elementor-top-column elementor-element elementor-element-baf6fe2\" data-id=\"baf6fe2\" data-element_type=\"column\" data-e-type=\"column\">\n\t\t\t<div class=\"elementor-widget-wrap elementor-element-populated\">\n\t\t\t\t\t\t<div class=\"elementor-element elementor-element-dda03db elementor-align-center elementor-mobile-align-justify elementor-widget elementor-widget-button\" data-id=\"dda03db\" data-element_type=\"widget\" data-e-type=\"widget\" data-widget_type=\"button.default\">\n\t\t\t\t<div class=\"elementor-widget-container\">\n\t\t\t\t\t\t\t\t\t<div class=\"elementor-button-wrapper\">\n\t\t\t\t\t<a class=\"elementor-button elementor-button-link elementor-size-lg\" href=\"https:\/\/illyriantailor.com\/english\/blog\/\">\n\t\t\t\t\t\t<span class=\"elementor-button-content-wrapper\">\n\t\t\t\t\t\t\t\t\t<span class=\"elementor-button-text\">back to the blog<\/span>\n\t\t\t\t\t<\/span>\n\t\t\t\t\t<\/a>\n\t\t\t\t<\/div>\n\t\t\t\t\t\t\t\t<\/div>\n\t\t\t\t<\/div>\n\t\t\t\t\t<\/div>\n\t\t<\/div>\n\t\t\t\t\t<\/div>\n\t\t<\/section>\n\t\t\t\t<\/div>","protected":false},"excerpt":{"rendered":"<p>I hesitated for a long time before sewing this bonnet as an accessory to a children's costume from the Thirty Years' War, as it does not fit into the Czech environment at that time. However, since theoretically such an appearance would not have been completely impossible in the Czech lands at that time, and since people tend to turn a blind eye to period accuracy when it comes to small children, I sewed it anyway due to my great fondness for this accessory. It was originally sewn for my son according to a pattern from the publication The Tudor Child: Clothing and Culture 1485 to 1625. As soon as it was made, his younger sibling took a liking to it, and so we soon had a little Tudor girl at events.<\/p>","protected":false},"author":1,"featured_media":6894,"comment_status":"open","ping_status":"open","sticky":false,"template":"","format":"standard","meta":{"neve_meta_sidebar":"","neve_meta_container":"","neve_meta_enable_content_width":"off","neve_meta_content_width":70,"neve_meta_title_alignment":"","neve_meta_author_avatar":"","neve_post_elements_order":"","neve_meta_disable_header":"","neve_meta_disable_footer":"","neve_meta_disable_title":"","_themeisle_gutenberg_block_has_review":false,"iawp_total_views":34,"footnotes":""},"categories":[19,18],"tags":[108,23,76,109],"class_list":["post-6891","post","type-post","status-publish","format-standard","has-post-thumbnail","hentry","category-15-stoleti","category-17-stoleti","tag-baret","tag-detsky-kostym","tag-doplnky","tag-pokryvka-hlavy"],"yoast_head":"<!-- This site is optimized with the Yoast SEO plugin v27.5 - https:\/\/yoast.com\/product\/yoast-seo-wordpress\/ -->\n<title>Baret podle prince Edwarda VI. - Illyrian Tailor<\/title>\n<meta name=\"robots\" content=\"index, follow, max-snippet:-1, max-image-preview:large, max-video-preview:-1\" \/>\n<link rel=\"canonical\" href=\"https:\/\/www.illyriantailor.com\/2025\/11\/12\/baret\/\" \/>\n<meta property=\"og:locale\" content=\"en_GB\" \/>\n<meta property=\"og:type\" content=\"article\" \/>\n<meta property=\"og:title\" content=\"Baret podle prince Edwarda VI. - Illyrian Tailor\" \/>\n<meta property=\"og:description\" content=\"S \u0161it\u00edm tohoto baretu, jako dopl\u0148ku k d\u011btsk\u00e9mu kost\u00fdmu doby t\u0159icetilet\u00e9 v\u00e1lky, jsem velmi dlouho v\u00e1hala, jeliko\u017e do \u010desk\u00e9ho prost\u0159ed\u00ed u\u017e do t\u00e9to doby nezapad\u00e1. Proto\u017ee by ale teoreticky v t\u00e9 dob\u011b na \u010desk\u00e9m \u00fazem\u00ed nebyl takov\u00fd vzhled zcela nemo\u017en\u00fd a u mal\u00fdch d\u011bt\u00ed se v\u017edy u dobovosti trochu p\u0159imhou\u0159\u00ed o\u010di, pro moji velkou slabost k tomuto dopl\u0148ku jsem ho u\u0161ila. P\u016fvodn\u011b byl \u0161it\u00fd pro syna dle st\u0159ihu z publikace The Tudor Child: Clothing and Culture 1485 to 1625. Hned p\u0159i jeho tvorb\u011b si ho obl\u00edbil i mlad\u0161\u00ed sourozenec, a tak jsme velmi brzo na akc\u00edch m\u011bli malou tudorovskou hol\u010di\u010dku.\" \/>\n<meta property=\"og:url\" content=\"https:\/\/www.illyriantailor.com\/2025\/11\/12\/baret\/\" \/>\n<meta property=\"og:site_name\" content=\"Illyrian Tailor\" \/>\n<meta property=\"article:published_time\" content=\"2025-11-12T12:30:17+00:00\" \/>\n<meta property=\"article:modified_time\" content=\"2026-01-19T08:52:50+00:00\" \/>\n<meta property=\"og:image\" content=\"https:\/\/www.illyriantailor.com\/wp-content\/uploads\/2025\/11\/Havni_foto_baret.jpg\" \/>\n\t<meta property=\"og:image:width\" content=\"1500\" \/>\n\t<meta property=\"og:image:height\" content=\"2000\" \/>\n\t<meta property=\"og:image:type\" content=\"image\/jpeg\" \/>\n<meta name=\"author\" content=\"Vanja\" \/>\n<meta name=\"twitter:card\" content=\"summary_large_image\" \/>\n<meta name=\"twitter:label1\" content=\"Written by\" \/>\n\t<meta name=\"twitter:data1\" content=\"Vanja\" \/>\n\t<meta name=\"twitter:label2\" content=\"Estimated reading time\" \/>\n\t<meta name=\"twitter:data2\" content=\"15 minutes\" \/>\n<script type=\"application\/ld+json\" class=\"yoast-schema-graph\">{\"@context\":\"https:\\\/\\\/schema.org\",\"@graph\":[{\"@type\":\"Article\",\"@id\":\"https:\\\/\\\/www.illyriantailor.com\\\/2025\\\/11\\\/12\\\/baret\\\/#article\",\"isPartOf\":{\"@id\":\"https:\\\/\\\/www.illyriantailor.com\\\/2025\\\/11\\\/12\\\/baret\\\/\"},\"author\":{\"name\":\"Vanja\",\"@id\":\"https:\\\/\\\/illyriantailor.com\\\/#\\\/schema\\\/person\\\/c57a3900b3bafd3ac81bfae47199aac4\"},\"headline\":\"Baret podle prince Edwarda VI.\",\"datePublished\":\"2025-11-12T12:30:17+00:00\",\"dateModified\":\"2026-01-19T08:52:50+00:00\",\"mainEntityOfPage\":{\"@id\":\"https:\\\/\\\/www.illyriantailor.com\\\/2025\\\/11\\\/12\\\/baret\\\/\"},\"wordCount\":1817,\"commentCount\":0,\"publisher\":{\"@id\":\"https:\\\/\\\/illyriantailor.com\\\/#\\\/schema\\\/person\\\/c57a3900b3bafd3ac81bfae47199aac4\"},\"image\":{\"@id\":\"https:\\\/\\\/www.illyriantailor.com\\\/2025\\\/11\\\/12\\\/baret\\\/#primaryimage\"},\"thumbnailUrl\":\"https:\\\/\\\/illyriantailor.com\\\/wp-content\\\/uploads\\\/2025\\\/11\\\/Havni_foto_baret.jpg\",\"keywords\":[\"baret\",\"d\u011btsk\u00fd kost\u00fdm\",\"dopl\u0148ky\",\"pokr\u00fdvka hlavy\"],\"articleSection\":[\"15. stolet\u00ed\",\"17. stolet\u00ed\"],\"inLanguage\":\"en-GB\",\"potentialAction\":[{\"@type\":\"CommentAction\",\"name\":\"Comment\",\"target\":[\"https:\\\/\\\/www.illyriantailor.com\\\/2025\\\/11\\\/12\\\/baret\\\/#respond\"]}]},{\"@type\":\"WebPage\",\"@id\":\"https:\\\/\\\/www.illyriantailor.com\\\/2025\\\/11\\\/12\\\/baret\\\/\",\"url\":\"https:\\\/\\\/www.illyriantailor.com\\\/2025\\\/11\\\/12\\\/baret\\\/\",\"name\":\"Baret podle prince Edwarda VI. - Illyrian Tailor\",\"isPartOf\":{\"@id\":\"https:\\\/\\\/illyriantailor.com\\\/#website\"},\"primaryImageOfPage\":{\"@id\":\"https:\\\/\\\/www.illyriantailor.com\\\/2025\\\/11\\\/12\\\/baret\\\/#primaryimage\"},\"image\":{\"@id\":\"https:\\\/\\\/www.illyriantailor.com\\\/2025\\\/11\\\/12\\\/baret\\\/#primaryimage\"},\"thumbnailUrl\":\"https:\\\/\\\/illyriantailor.com\\\/wp-content\\\/uploads\\\/2025\\\/11\\\/Havni_foto_baret.jpg\",\"datePublished\":\"2025-11-12T12:30:17+00:00\",\"dateModified\":\"2026-01-19T08:52:50+00:00\",\"breadcrumb\":{\"@id\":\"https:\\\/\\\/www.illyriantailor.com\\\/2025\\\/11\\\/12\\\/baret\\\/#breadcrumb\"},\"inLanguage\":\"en-GB\",\"potentialAction\":[{\"@type\":\"ReadAction\",\"target\":[\"https:\\\/\\\/www.illyriantailor.com\\\/2025\\\/11\\\/12\\\/baret\\\/\"]}]},{\"@type\":\"ImageObject\",\"inLanguage\":\"en-GB\",\"@id\":\"https:\\\/\\\/www.illyriantailor.com\\\/2025\\\/11\\\/12\\\/baret\\\/#primaryimage\",\"url\":\"https:\\\/\\\/illyriantailor.com\\\/wp-content\\\/uploads\\\/2025\\\/11\\\/Havni_foto_baret.jpg\",\"contentUrl\":\"https:\\\/\\\/illyriantailor.com\\\/wp-content\\\/uploads\\\/2025\\\/11\\\/Havni_foto_baret.jpg\",\"width\":1500,\"height\":2000},{\"@type\":\"BreadcrumbList\",\"@id\":\"https:\\\/\\\/www.illyriantailor.com\\\/2025\\\/11\\\/12\\\/baret\\\/#breadcrumb\",\"itemListElement\":[{\"@type\":\"ListItem\",\"position\":1,\"name\":\"Dom\u016f\",\"item\":\"https:\\\/\\\/illyriantailor.com\\\/\"},{\"@type\":\"ListItem\",\"position\":2,\"name\":\"Baret podle prince Edwarda VI.\"}]},{\"@type\":\"WebSite\",\"@id\":\"https:\\\/\\\/illyriantailor.com\\\/#website\",\"url\":\"https:\\\/\\\/illyriantailor.com\\\/\",\"name\":\"Illyrian Tailor\",\"description\":\"\",\"publisher\":{\"@id\":\"https:\\\/\\\/illyriantailor.com\\\/#\\\/schema\\\/person\\\/c57a3900b3bafd3ac81bfae47199aac4\"},\"potentialAction\":[{\"@type\":\"SearchAction\",\"target\":{\"@type\":\"EntryPoint\",\"urlTemplate\":\"https:\\\/\\\/illyriantailor.com\\\/?s={search_term_string}\"},\"query-input\":{\"@type\":\"PropertyValueSpecification\",\"valueRequired\":true,\"valueName\":\"search_term_string\"}}],\"inLanguage\":\"en-GB\"},{\"@type\":[\"Person\",\"Organization\"],\"@id\":\"https:\\\/\\\/illyriantailor.com\\\/#\\\/schema\\\/person\\\/c57a3900b3bafd3ac81bfae47199aac4\",\"name\":\"Vanja\",\"image\":{\"@type\":\"ImageObject\",\"inLanguage\":\"en-GB\",\"@id\":\"https:\\\/\\\/illyriantailor.com\\\/wp-content\\\/uploads\\\/2019\\\/12\\\/illyrian_tailor_black_Kreslic\u00ed-pl\u00e1tno-1_Kreslic\u00ed-pl\u00e1tno-1_Kreslic\u00ed-pl\u00e1tno-1.png\",\"url\":\"https:\\\/\\\/illyriantailor.com\\\/wp-content\\\/uploads\\\/2019\\\/12\\\/illyrian_tailor_black_Kreslic\u00ed-pl\u00e1tno-1_Kreslic\u00ed-pl\u00e1tno-1_Kreslic\u00ed-pl\u00e1tno-1.png\",\"contentUrl\":\"https:\\\/\\\/illyriantailor.com\\\/wp-content\\\/uploads\\\/2019\\\/12\\\/illyrian_tailor_black_Kreslic\u00ed-pl\u00e1tno-1_Kreslic\u00ed-pl\u00e1tno-1_Kreslic\u00ed-pl\u00e1tno-1.png\",\"width\":900,\"height\":291,\"caption\":\"Vanja\"},\"logo\":{\"@id\":\"https:\\\/\\\/illyriantailor.com\\\/wp-content\\\/uploads\\\/2019\\\/12\\\/illyrian_tailor_black_Kreslic\u00ed-pl\u00e1tno-1_Kreslic\u00ed-pl\u00e1tno-1_Kreslic\u00ed-pl\u00e1tno-1.png\"},\"url\":\"https:\\\/\\\/illyriantailor.com\\\/english\\\/author\\\/vanja\\\/\"}]}<\/script>\n<!-- \/ Yoast SEO plugin. -->","yoast_head_json":{"title":"Baret podle prince Edwarda VI. - Illyrian Tailor","robots":{"index":"index","follow":"follow","max-snippet":"max-snippet:-1","max-image-preview":"max-image-preview:large","max-video-preview":"max-video-preview:-1"},"canonical":"https:\/\/www.illyriantailor.com\/2025\/11\/12\/baret\/","og_locale":"en_GB","og_type":"article","og_title":"Baret podle prince Edwarda VI. - Illyrian Tailor","og_description":"S \u0161it\u00edm tohoto baretu, jako dopl\u0148ku k d\u011btsk\u00e9mu kost\u00fdmu doby t\u0159icetilet\u00e9 v\u00e1lky, jsem velmi dlouho v\u00e1hala, jeliko\u017e do \u010desk\u00e9ho prost\u0159ed\u00ed u\u017e do t\u00e9to doby nezapad\u00e1. Proto\u017ee by ale teoreticky v t\u00e9 dob\u011b na \u010desk\u00e9m \u00fazem\u00ed nebyl takov\u00fd vzhled zcela nemo\u017en\u00fd a u mal\u00fdch d\u011bt\u00ed se v\u017edy u dobovosti trochu p\u0159imhou\u0159\u00ed o\u010di, pro moji velkou slabost k tomuto dopl\u0148ku jsem ho u\u0161ila. P\u016fvodn\u011b byl \u0161it\u00fd pro syna dle st\u0159ihu z publikace The Tudor Child: Clothing and Culture 1485 to 1625. Hned p\u0159i jeho tvorb\u011b si ho obl\u00edbil i mlad\u0161\u00ed sourozenec, a tak jsme velmi brzo na akc\u00edch m\u011bli malou tudorovskou hol\u010di\u010dku.","og_url":"https:\/\/www.illyriantailor.com\/2025\/11\/12\/baret\/","og_site_name":"Illyrian Tailor","article_published_time":"2025-11-12T12:30:17+00:00","article_modified_time":"2026-01-19T08:52:50+00:00","og_image":[{"width":1500,"height":2000,"url":"https:\/\/www.illyriantailor.com\/wp-content\/uploads\/2025\/11\/Havni_foto_baret.jpg","type":"image\/jpeg"}],"author":"Vanja","twitter_card":"summary_large_image","twitter_misc":{"Written by":"Vanja","Estimated reading time":"15 minutes"},"schema":{"@context":"https:\/\/schema.org","@graph":[{"@type":"Article","@id":"https:\/\/www.illyriantailor.com\/2025\/11\/12\/baret\/#article","isPartOf":{"@id":"https:\/\/www.illyriantailor.com\/2025\/11\/12\/baret\/"},"author":{"name":"Vanja","@id":"https:\/\/illyriantailor.com\/#\/schema\/person\/c57a3900b3bafd3ac81bfae47199aac4"},"headline":"Baret podle prince Edwarda VI.","datePublished":"2025-11-12T12:30:17+00:00","dateModified":"2026-01-19T08:52:50+00:00","mainEntityOfPage":{"@id":"https:\/\/www.illyriantailor.com\/2025\/11\/12\/baret\/"},"wordCount":1817,"commentCount":0,"publisher":{"@id":"https:\/\/illyriantailor.com\/#\/schema\/person\/c57a3900b3bafd3ac81bfae47199aac4"},"image":{"@id":"https:\/\/www.illyriantailor.com\/2025\/11\/12\/baret\/#primaryimage"},"thumbnailUrl":"https:\/\/illyriantailor.com\/wp-content\/uploads\/2025\/11\/Havni_foto_baret.jpg","keywords":["baret","d\u011btsk\u00fd kost\u00fdm","dopl\u0148ky","pokr\u00fdvka hlavy"],"articleSection":["15. stolet\u00ed","17. stolet\u00ed"],"inLanguage":"en-GB","potentialAction":[{"@type":"CommentAction","name":"Comment","target":["https:\/\/www.illyriantailor.com\/2025\/11\/12\/baret\/#respond"]}]},{"@type":"WebPage","@id":"https:\/\/www.illyriantailor.com\/2025\/11\/12\/baret\/","url":"https:\/\/www.illyriantailor.com\/2025\/11\/12\/baret\/","name":"Baret podle prince Edwarda VI. - Illyrian Tailor","isPartOf":{"@id":"https:\/\/illyriantailor.com\/#website"},"primaryImageOfPage":{"@id":"https:\/\/www.illyriantailor.com\/2025\/11\/12\/baret\/#primaryimage"},"image":{"@id":"https:\/\/www.illyriantailor.com\/2025\/11\/12\/baret\/#primaryimage"},"thumbnailUrl":"https:\/\/illyriantailor.com\/wp-content\/uploads\/2025\/11\/Havni_foto_baret.jpg","datePublished":"2025-11-12T12:30:17+00:00","dateModified":"2026-01-19T08:52:50+00:00","breadcrumb":{"@id":"https:\/\/www.illyriantailor.com\/2025\/11\/12\/baret\/#breadcrumb"},"inLanguage":"en-GB","potentialAction":[{"@type":"ReadAction","target":["https:\/\/www.illyriantailor.com\/2025\/11\/12\/baret\/"]}]},{"@type":"ImageObject","inLanguage":"en-GB","@id":"https:\/\/www.illyriantailor.com\/2025\/11\/12\/baret\/#primaryimage","url":"https:\/\/illyriantailor.com\/wp-content\/uploads\/2025\/11\/Havni_foto_baret.jpg","contentUrl":"https:\/\/illyriantailor.com\/wp-content\/uploads\/2025\/11\/Havni_foto_baret.jpg","width":1500,"height":2000},{"@type":"BreadcrumbList","@id":"https:\/\/www.illyriantailor.com\/2025\/11\/12\/baret\/#breadcrumb","itemListElement":[{"@type":"ListItem","position":1,"name":"Dom\u016f","item":"https:\/\/illyriantailor.com\/"},{"@type":"ListItem","position":2,"name":"Baret podle prince Edwarda VI."}]},{"@type":"WebSite","@id":"https:\/\/illyriantailor.com\/#website","url":"https:\/\/illyriantailor.com\/","name":"Illyrian Tailor","description":"","publisher":{"@id":"https:\/\/illyriantailor.com\/#\/schema\/person\/c57a3900b3bafd3ac81bfae47199aac4"},"potentialAction":[{"@type":"SearchAction","target":{"@type":"EntryPoint","urlTemplate":"https:\/\/illyriantailor.com\/?s={search_term_string}"},"query-input":{"@type":"PropertyValueSpecification","valueRequired":true,"valueName":"search_term_string"}}],"inLanguage":"en-GB"},{"@type":["Person","Organization"],"@id":"https:\/\/illyriantailor.com\/#\/schema\/person\/c57a3900b3bafd3ac81bfae47199aac4","name":"Vanja","image":{"@type":"ImageObject","inLanguage":"en-GB","@id":"https:\/\/illyriantailor.com\/wp-content\/uploads\/2019\/12\/illyrian_tailor_black_Kreslic\u00ed-pl\u00e1tno-1_Kreslic\u00ed-pl\u00e1tno-1_Kreslic\u00ed-pl\u00e1tno-1.png","url":"https:\/\/illyriantailor.com\/wp-content\/uploads\/2019\/12\/illyrian_tailor_black_Kreslic\u00ed-pl\u00e1tno-1_Kreslic\u00ed-pl\u00e1tno-1_Kreslic\u00ed-pl\u00e1tno-1.png","contentUrl":"https:\/\/illyriantailor.com\/wp-content\/uploads\/2019\/12\/illyrian_tailor_black_Kreslic\u00ed-pl\u00e1tno-1_Kreslic\u00ed-pl\u00e1tno-1_Kreslic\u00ed-pl\u00e1tno-1.png","width":900,"height":291,"caption":"Vanja"},"logo":{"@id":"https:\/\/illyriantailor.com\/wp-content\/uploads\/2019\/12\/illyrian_tailor_black_Kreslic\u00ed-pl\u00e1tno-1_Kreslic\u00ed-pl\u00e1tno-1_Kreslic\u00ed-pl\u00e1tno-1.png"},"url":"https:\/\/illyriantailor.com\/english\/author\/vanja\/"}]}},"_links":{"self":[{"href":"https:\/\/illyriantailor.com\/english\/wp-json\/wp\/v2\/posts\/6891","targetHints":{"allow":["GET"]}}],"collection":[{"href":"https:\/\/illyriantailor.com\/english\/wp-json\/wp\/v2\/posts"}],"about":[{"href":"https:\/\/illyriantailor.com\/english\/wp-json\/wp\/v2\/types\/post"}],"author":[{"embeddable":true,"href":"https:\/\/illyriantailor.com\/english\/wp-json\/wp\/v2\/users\/1"}],"replies":[{"embeddable":true,"href":"https:\/\/illyriantailor.com\/english\/wp-json\/wp\/v2\/comments?post=6891"}],"version-history":[{"count":645,"href":"https:\/\/illyriantailor.com\/english\/wp-json\/wp\/v2\/posts\/6891\/revisions"}],"predecessor-version":[{"id":7575,"href":"https:\/\/illyriantailor.com\/english\/wp-json\/wp\/v2\/posts\/6891\/revisions\/7575"}],"wp:featuredmedia":[{"embeddable":true,"href":"https:\/\/illyriantailor.com\/english\/wp-json\/wp\/v2\/media\/6894"}],"wp:attachment":[{"href":"https:\/\/illyriantailor.com\/english\/wp-json\/wp\/v2\/media?parent=6891"}],"wp:term":[{"taxonomy":"category","embeddable":true,"href":"https:\/\/illyriantailor.com\/english\/wp-json\/wp\/v2\/categories?post=6891"},{"taxonomy":"post_tag","embeddable":true,"href":"https:\/\/illyriantailor.com\/english\/wp-json\/wp\/v2\/tags?post=6891"}],"curies":[{"name":"wp","href":"https:\/\/api.w.org\/{rel}","templated":true}]}}