{"id":5563,"date":"2025-02-07T13:37:07","date_gmt":"2025-02-07T12:37:07","guid":{"rendered":"https:\/\/illyriantailor.com\/?p=5563"},"modified":"2025-11-11T10:53:06","modified_gmt":"2025-11-11T09:53:06","slug":"holcici-outfit-15-17-stoleti","status":"publish","type":"post","link":"https:\/\/illyriantailor.com\/english\/2025\/02\/07\/holcici-outfit-15-17-stoleti\/","title":{"rendered":"Girl' s outfit for the 15th-17th century (approx. 3-6 years)"},"content":{"rendered":"<div data-elementor-type=\"wp-post\" data-elementor-id=\"5563\" class=\"elementor elementor-5563\">\n\t\t\t\t\t\t<section class=\"elementor-section elementor-top-section elementor-element elementor-element-0df0c60 elementor-section-boxed elementor-section-height-default elementor-section-height-default\" data-id=\"0df0c60\" data-element_type=\"section\" data-e-type=\"section\">\n\t\t\t\t\t\t<div class=\"elementor-container elementor-column-gap-default\">\n\t\t\t\t\t<div class=\"elementor-column elementor-col-100 elementor-top-column elementor-element elementor-element-694fc37\" data-id=\"694fc37\" data-element_type=\"column\" data-e-type=\"column\">\n\t\t\t<div class=\"elementor-widget-wrap elementor-element-populated\">\n\t\t\t\t\t\t<div class=\"elementor-element elementor-element-e83f8cd elementor-widget elementor-widget-image\" data-id=\"e83f8cd\" data-element_type=\"widget\" data-e-type=\"widget\" data-widget_type=\"image.default\">\n\t\t\t\t<div class=\"elementor-widget-container\">\n\t\t\t\t\t\t\t\t\t\t\t\t\t\t\t<img decoding=\"async\" src=\"https:\/\/illyriantailor.com\/wp-content\/uploads\/elementor\/thumbs\/Kolaz_Lada-1-r1ohsn49xfx0vhadl6g9azyl2e8gc81u8bjd1jk420.webp\" title=\"Kolaz_Lada\" alt=\"Kolaz_Lada\" loading=\"lazy\" \/>\t\t\t\t\t\t\t\t\t\t\t\t\t\t\t<\/div>\n\t\t\t\t<\/div>\n\t\t\t\t\t<\/div>\n\t\t<\/div>\n\t\t\t\t\t<\/div>\n\t\t<\/section>\n\t\t\t\t<section class=\"elementor-section elementor-top-section elementor-element elementor-element-6bbfb1e elementor-section-boxed elementor-section-height-default elementor-section-height-default\" data-id=\"6bbfb1e\" data-element_type=\"section\" data-e-type=\"section\">\n\t\t\t\t\t\t<div class=\"elementor-container elementor-column-gap-default\">\n\t\t\t\t\t<div class=\"elementor-column elementor-col-100 elementor-top-column elementor-element elementor-element-fb0e092\" data-id=\"fb0e092\" data-element_type=\"column\" data-e-type=\"column\">\n\t\t\t<div class=\"elementor-widget-wrap elementor-element-populated\">\n\t\t\t\t\t\t<div class=\"elementor-element elementor-element-2aa2a51 elementor-widget elementor-widget-text-editor\" data-id=\"2aa2a51\" data-element_type=\"widget\" data-e-type=\"widget\" data-widget_type=\"text-editor.default\">\n\t\t\t\t<div class=\"elementor-widget-container\">\n\t\t\t\t\t\t\t\t\t<p>The third year of our children's lives has always been marked by the transition from their very first children's (toddler) costume to clothes that resemble adult costumes. Our first children's outfit, which is gender-neutral and was therefore worn by both of our children, was once described in a <strong><a href=\"https:\/\/illyriantailor.com\/english\/2019\/07\/26\/detsky-outfit\/\" target=\"_blank\" rel=\"noopener\">separate article.<\/a><\/strong>The new girl's outfit is quite similar, but it is tailored to the little lady's individual color preferences and based on her mother's costumes.<\/p>\n<p>Since I decided to describe the girl's costume from the whole to the individual pieces separately in separate posts, the entire girl's outfit will be described here, how we came up with it and what inspired us, and the individual pieces of the costume will soon get separate posts with detailed sewing instructions.<\/p>\n<p>Vzhledem k na\u0161emu z\u00e1jmu o kost\u00fdmy obdob\u00ed 15. a\u017e 17. stolet\u00ed jsem usilovala o to, aby pokud mo\u017eno co nejv\u00edce prvk\u016f bylo kombinovateln\u00fdch pro cel\u00e9 toto obdob\u00ed. D\u00edky um\u011bleck\u00fdm d\u00edl\u016fm (portr\u00e9ty, iluminace, sochy\u2026) a dochovan\u00fdm dokument\u016fm (posledn\u00ed v\u016fle, invent\u00e1\u0159e, dopisy, liter\u00e1rn\u00ed \u010dinnost, \u00fa\u010dty, z\u00e1znamy z charitativn\u00ed \u010dinnosti a dal\u0161\u00ed) a konkr\u00e9tn\u00edm dochovan\u00fdm p\u0159edm\u011bt\u016fm (dochovan\u00e9 od\u011bvy a dopl\u0148ky) se toto dnes poda\u0159ilo tak\u00e9 dob\u0159e popsat v publikac\u00edch, kter\u00e9 se v\u011bnuj\u00ed d\u011btsk\u00fdm kost\u00fdm\u016fm a kter\u00e9 v textu n\u00ed\u017ee n\u00e1sledn\u011b doporu\u010d\u00edm. Obecn\u011b plat\u00ed, \u017ee se zm\u00edn\u011bn\u00e9 zdroje t\u00fdkaj\u00ed v\u00edce vrstvy vy\u0161\u0161\u00ed \u2013 \u010d\u00edm chud\u0161\u00ed vrstva, t\u00edm m\u00e9n\u011b zdroj\u016f. Kost\u00fdm s dopl\u0148ky tak, jak je n\u00ed\u017ee pops\u00e1n, byl celkov\u011b tvo\u0159en inspirac\u00ed ze severoz\u00e1padn\u00edch evropsk\u00fdch kost\u00fdm\u016f z let 1485 a\u017e 1625 a po vzoru kost\u00fdm\u016f m\u00fdch.<\/p>\t\t\t\t\t\t\t\t<\/div>\n\t\t\t\t<\/div>\n\t\t\t\t\t<\/div>\n\t\t<\/div>\n\t\t\t\t\t<\/div>\n\t\t<\/section>\n\t\t\t\t<section class=\"elementor-section elementor-top-section elementor-element elementor-element-58abe6c elementor-section-boxed elementor-section-height-default elementor-section-height-default\" data-id=\"58abe6c\" data-element_type=\"section\" data-e-type=\"section\">\n\t\t\t\t\t\t<div class=\"elementor-container elementor-column-gap-default\">\n\t\t\t\t\t<div class=\"elementor-column elementor-col-100 elementor-top-column elementor-element elementor-element-ea5085c\" data-id=\"ea5085c\" data-element_type=\"column\" data-e-type=\"column\">\n\t\t\t<div class=\"elementor-widget-wrap elementor-element-populated\">\n\t\t\t\t\t\t<div class=\"elementor-element elementor-element-5118e82 elementor-widget elementor-widget-heading\" data-id=\"5118e82\" data-element_type=\"widget\" data-e-type=\"widget\" data-widget_type=\"heading.default\">\n\t\t\t\t<div class=\"elementor-widget-container\">\n\t\t\t\t\t<h2 class=\"elementor-heading-title elementor-size-default\">What did I want to achieve?<\/h2>\t\t\t\t<\/div>\n\t\t\t\t<\/div>\n\t\t\t\t\t<\/div>\n\t\t<\/div>\n\t\t\t\t\t<\/div>\n\t\t<\/section>\n\t\t\t\t<section class=\"elementor-section elementor-top-section elementor-element elementor-element-7d18381 elementor-section-boxed elementor-section-height-default elementor-section-height-default\" data-id=\"7d18381\" data-element_type=\"section\" data-e-type=\"section\">\n\t\t\t\t\t\t<div class=\"elementor-container elementor-column-gap-default\">\n\t\t\t\t\t<div class=\"elementor-column elementor-col-100 elementor-top-column elementor-element elementor-element-67f6916\" data-id=\"67f6916\" data-element_type=\"column\" data-e-type=\"column\">\n\t\t\t<div class=\"elementor-widget-wrap elementor-element-populated\">\n\t\t\t\t\t\t<div class=\"elementor-element elementor-element-20f5634 elementor-position-top elementor-widget elementor-widget-image-box\" data-id=\"20f5634\" data-element_type=\"widget\" data-e-type=\"widget\" data-widget_type=\"image-box.default\">\n\t\t\t\t<div class=\"elementor-widget-container\">\n\t\t\t\t\t<div class=\"elementor-image-box-wrapper\"><figure class=\"elementor-image-box-img\"><a href=\"https:\/\/artsandculture.google.com\/asset\/children%E2%80%99s-games\/CQEeZWQPOI2Yjg?hl=cs\" target=\"_blank\" tabindex=\"-1\"><img fetchpriority=\"high\" decoding=\"async\" width=\"1024\" height=\"744\" src=\"https:\/\/illyriantailor.com\/wp-content\/uploads\/2025\/02\/1487px-Pieter_Bruegel_the_Elder_-_Childrens_Games_-_Google_Art_Project-1024x744.jpg\" class=\"attachment-large size-large wp-image-5581\" alt=\"\" srcset=\"https:\/\/illyriantailor.com\/wp-content\/uploads\/2025\/02\/1487px-Pieter_Bruegel_the_Elder_-_Childrens_Games_-_Google_Art_Project-1024x744.jpg 1024w, https:\/\/illyriantailor.com\/wp-content\/uploads\/2025\/02\/1487px-Pieter_Bruegel_the_Elder_-_Childrens_Games_-_Google_Art_Project-300x218.jpg 300w, https:\/\/illyriantailor.com\/wp-content\/uploads\/2025\/02\/1487px-Pieter_Bruegel_the_Elder_-_Childrens_Games_-_Google_Art_Project-768x558.jpg 768w, https:\/\/illyriantailor.com\/wp-content\/uploads\/2025\/02\/1487px-Pieter_Bruegel_the_Elder_-_Childrens_Games_-_Google_Art_Project-18x12.jpg 18w, https:\/\/illyriantailor.com\/wp-content\/uploads\/2025\/02\/1487px-Pieter_Bruegel_the_Elder_-_Childrens_Games_-_Google_Art_Project.jpg 1487w\" sizes=\"(max-width: 1024px) 100vw, 1024px\" \/><\/a><\/figure><div class=\"elementor-image-box-content\"><h5 class=\"elementor-image-box-title\"><a href=\"https:\/\/artsandculture.google.com\/asset\/children%E2%80%99s-games\/CQEeZWQPOI2Yjg?hl=cs\" target=\"_blank\">BRUEGEL, Pieter the Elder.  Children\u00b4s games <\/a><\/h5><p class=\"elementor-image-box-description\"><div style=\"text-align: start\"><span style=\"background-color: var(--nv-site-bg);color: var(--nv-text-color);font-family: var(--bodyfontfamily),var(--nv-fallback-ff);font-size: var(--bodyfontsize);font-weight: var(--bodyfontweight);letter-spacing: var(--bodyletterspacing);text-transform: var(--bodytexttransform)\">Children's Games by Bruegel \u2013 my eternal source of endless inspiration \u2013 a painting depicting girls in many different outfits with all kinds of accessories. I drew inspiration from this painting for the first universal toddler costume, as well as for the boy's outfit from a later period, the girl's outfit in this article, and I still continue to draw inspiration from it.<\/span><span style=\"background-color: var(--nv-site-bg);color: var(--nv-text-color);font-family: var(--bodyfontfamily),var(--nv-fallback-ff);font-size: var(--bodyfontsize);font-weight: var(--bodyfontweight);letter-spacing: var(--bodyletterspacing);text-transform: var(--bodytexttransform)\"><\/span><\/div><\/p><\/div><\/div>\t\t\t\t<\/div>\n\t\t\t\t<\/div>\n\t\t\t\t<div class=\"elementor-element elementor-element-81d1d76 elementor-position-top elementor-widget elementor-widget-image-box\" data-id=\"81d1d76\" data-element_type=\"widget\" data-e-type=\"widget\" data-widget_type=\"image-box.default\">\n\t\t\t\t<div class=\"elementor-widget-container\">\n\t\t\t\t\t<div class=\"elementor-image-box-wrapper\"><figure class=\"elementor-image-box-img\"><a href=\"https:\/\/artsandculture.google.com\/asset\/children%E2%80%99s-games\/CQEeZWQPOI2Yjg?hl=cs\" target=\"_blank\" tabindex=\"-1\"><img decoding=\"async\" width=\"827\" height=\"557\" src=\"https:\/\/illyriantailor.com\/wp-content\/uploads\/2025\/02\/Bruegel_holcicky.jpg\" class=\"attachment-large size-large wp-image-5588\" alt=\"\" srcset=\"https:\/\/illyriantailor.com\/wp-content\/uploads\/2025\/02\/Bruegel_holcicky.jpg 827w, https:\/\/illyriantailor.com\/wp-content\/uploads\/2025\/02\/Bruegel_holcicky-300x202.jpg 300w, https:\/\/illyriantailor.com\/wp-content\/uploads\/2025\/02\/Bruegel_holcicky-768x517.jpg 768w, https:\/\/illyriantailor.com\/wp-content\/uploads\/2025\/02\/Bruegel_holcicky-18x12.jpg 18w\" sizes=\"(max-width: 827px) 100vw, 827px\" \/><\/a><\/figure><div class=\"elementor-image-box-content\"><h5 class=\"elementor-image-box-title\"><a href=\"https:\/\/artsandculture.google.com\/asset\/children%E2%80%99s-games\/CQEeZWQPOI2Yjg?hl=cs\" target=\"_blank\">Ibid.<\/a><\/h5><p class=\"elementor-image-box-description\">Detail of Bruegel's girls. Preschool children in skirts and dresses\/coats. We can see details of coifs and caps, aprons of various colors, and partlets (white cloths covering the chest, resembling bibs, worn by the girl in the red dress at the bottom right). Leather shoes reveal multicolored stockings here and there. <\/p><\/div><\/div>\t\t\t\t<\/div>\n\t\t\t\t<\/div>\n\t\t\t\t<div class=\"elementor-element elementor-element-ae8742d elementor-position-top elementor-widget elementor-widget-image-box\" data-id=\"ae8742d\" data-element_type=\"widget\" data-e-type=\"widget\" data-widget_type=\"image-box.default\">\n\t\t\t\t<div class=\"elementor-widget-container\">\n\t\t\t\t\t<div class=\"elementor-image-box-wrapper\"><figure class=\"elementor-image-box-img\"><a href=\"https:\/\/artsandculture.google.com\/asset\/children%E2%80%99s-games\/CQEeZWQPOI2Yjg?hl=cs\" target=\"_blank\" tabindex=\"-1\"><img decoding=\"async\" width=\"952\" height=\"581\" src=\"https:\/\/illyriantailor.com\/wp-content\/uploads\/2025\/02\/Bruegel_detail.jpg\" class=\"attachment-large size-large wp-image-5643\" alt=\"\" srcset=\"https:\/\/illyriantailor.com\/wp-content\/uploads\/2025\/02\/Bruegel_detail.jpg 952w, https:\/\/illyriantailor.com\/wp-content\/uploads\/2025\/02\/Bruegel_detail-300x183.jpg 300w, https:\/\/illyriantailor.com\/wp-content\/uploads\/2025\/02\/Bruegel_detail-768x469.jpg 768w, https:\/\/illyriantailor.com\/wp-content\/uploads\/2025\/02\/Bruegel_detail-18x12.jpg 18w\" sizes=\"(max-width: 952px) 100vw, 952px\" \/><\/a><\/figure><div class=\"elementor-image-box-content\"><h5 class=\"elementor-image-box-title\"><a href=\"https:\/\/artsandculture.google.com\/asset\/children%E2%80%99s-games\/CQEeZWQPOI2Yjg?hl=cs\" target=\"_blank\">Ibid.<\/a><\/h5><p class=\"elementor-image-box-description\">In the next detail, we see girls in dresses with slightly shaped bodices. They wear white coifs, and the girl on the left has a red head covering. Her red dress has removable sleeves that are pinned to her shoulders. A practical blue apron covers the front of her dress. The girl in the gray dress has a dark partlet on her chest and a similar apron in white. <br><\/p><\/div><\/div>\t\t\t\t<\/div>\n\t\t\t\t<\/div>\n\t\t\t\t<div class=\"elementor-element elementor-element-10eb5d5 elementor-position-top elementor-widget elementor-widget-image-box\" data-id=\"10eb5d5\" data-element_type=\"widget\" data-e-type=\"widget\" data-widget_type=\"image-box.default\">\n\t\t\t\t<div class=\"elementor-widget-container\">\n\t\t\t\t\t<div class=\"elementor-image-box-wrapper\"><figure class=\"elementor-image-box-img\"><a href=\"https:\/\/artsandculture.google.com\/asset\/children%E2%80%99s-games\/CQEeZWQPOI2Yjg?hl=cs\" target=\"_blank\" tabindex=\"-1\"><img loading=\"lazy\" decoding=\"async\" width=\"716\" height=\"546\" src=\"https:\/\/illyriantailor.com\/wp-content\/uploads\/2025\/02\/Bruegel_detail_kos.jpg\" class=\"attachment-large size-large wp-image-5662\" alt=\"\" srcset=\"https:\/\/illyriantailor.com\/wp-content\/uploads\/2025\/02\/Bruegel_detail_kos.jpg 716w, https:\/\/illyriantailor.com\/wp-content\/uploads\/2025\/02\/Bruegel_detail_kos-300x229.jpg 300w, https:\/\/illyriantailor.com\/wp-content\/uploads\/2025\/02\/Bruegel_detail_kos-16x12.jpg 16w\" sizes=\"(max-width: 716px) 100vw, 716px\" \/><\/a><\/figure><div class=\"elementor-image-box-content\"><h5 class=\"elementor-image-box-title\"><a href=\"https:\/\/artsandculture.google.com\/asset\/children%E2%80%99s-games\/CQEeZWQPOI2Yjg?hl=cs\" target=\"_blank\">Ibid.<\/a><\/h5><p class=\"elementor-image-box-description\">In this detail, we see girls in dresses (coats) with aprons and leather shoes, and again we see partlets\/bibs and coifs\u2014the girl on the left has her coif apparently untied, so it is a different type of head covering (the back part of the scarf hangs down her back, they're probably just not tied around the head). Knitted baskets have been a staple since time immemorial (I absolutely love accessories like this.).<\/p><\/div><\/div>\t\t\t\t<\/div>\n\t\t\t\t<\/div>\n\t\t\t\t<div class=\"elementor-element elementor-element-bd98cf6 elementor-position-top elementor-widget elementor-widget-image-box\" data-id=\"bd98cf6\" data-element_type=\"widget\" data-e-type=\"widget\" data-widget_type=\"image-box.default\">\n\t\t\t\t<div class=\"elementor-widget-container\">\n\t\t\t\t\t<div class=\"elementor-image-box-wrapper\"><figure class=\"elementor-image-box-img\"><a href=\"https:\/\/www.pubhist.com\/w10226\" target=\"_blank\" tabindex=\"-1\"><img loading=\"lazy\" decoding=\"async\" width=\"794\" height=\"1000\" src=\"https:\/\/illyriantailor.com\/wp-content\/uploads\/2021\/11\/hilleke_roy_orphans-1.jpg\" class=\"attachment-large size-large wp-image-4384\" alt=\"kalhotky\" srcset=\"https:\/\/illyriantailor.com\/wp-content\/uploads\/2021\/11\/hilleke_roy_orphans-1.jpg 794w, https:\/\/illyriantailor.com\/wp-content\/uploads\/2021\/11\/hilleke_roy_orphans-1-238x300.jpg 238w, https:\/\/illyriantailor.com\/wp-content\/uploads\/2021\/11\/hilleke_roy_orphans-1-768x967.jpg 768w, https:\/\/illyriantailor.com\/wp-content\/uploads\/2021\/11\/hilleke_roy_orphans-1-10x12.jpg 10w\" sizes=\"(max-width: 794px) 100vw, 794px\" \/><\/a><\/figure><div class=\"elementor-image-box-content\"><h5 class=\"elementor-image-box-title\"><a href=\"https:\/\/www.pubhist.com\/w10226\" target=\"_blank\">Anon. Hilleke de Roy and Four of Her Orphans<\/a><\/h5><\/div><\/div>\t\t\t\t<\/div>\n\t\t\t\t<\/div>\n\t\t\t\t\t<\/div>\n\t\t<\/div>\n\t\t\t\t\t<\/div>\n\t\t<\/section>\n\t\t\t\t<section class=\"elementor-section elementor-top-section elementor-element elementor-element-32e9985 elementor-section-boxed elementor-section-height-default elementor-section-height-default\" data-id=\"32e9985\" data-element_type=\"section\" data-e-type=\"section\">\n\t\t\t\t\t\t<div class=\"elementor-container elementor-column-gap-default\">\n\t\t\t\t\t<div class=\"elementor-column elementor-col-100 elementor-top-column elementor-element elementor-element-c811a89\" data-id=\"c811a89\" data-element_type=\"column\" data-e-type=\"column\">\n\t\t\t<div class=\"elementor-widget-wrap elementor-element-populated\">\n\t\t\t\t\t\t<div class=\"elementor-element elementor-element-0c7b65f elementor-widget elementor-widget-text-editor\" data-id=\"0c7b65f\" data-element_type=\"widget\" data-e-type=\"widget\" data-widget_type=\"text-editor.default\">\n\t\t\t\t<div class=\"elementor-widget-container\">\n\t\t\t\t\t\t\t\t\t<p>The depiction of Hilleke de Roy and the four orphans shows a little girl in a red dress with long sleeves \u2013 it should be an outer dress, under which other layers of dress and petticoats are hidden (something between a dress and a coat). The little girl is probably wearing a white shirt \u2013 we see a piece of the sleeve protruding from behind the dress and a white collar is attached to the shirt or separately. A typical accessory is an apron and in her hand the little girl is perhaps holding a crumpled coif, which she wants to put on her head after combing her hair. I have already mentioned this image in my post <strong><a href=\"https:\/\/illyriantailor.com\/english\/2020\/02\/29\/cepec-forehead-hairtaping\/\" target=\"_blank\" rel=\"noopener\">about coifs and heairstyes.<\/a><\/strong>The little girl has her hairstyle braided according to the fashion of the time, which is called hair taping, and she probably also has a coif put on her head, modeled after the girl next to her.<\/p>\t\t\t\t\t\t\t\t<\/div>\n\t\t\t\t<\/div>\n\t\t\t\t\t<\/div>\n\t\t<\/div>\n\t\t\t\t\t<\/div>\n\t\t<\/section>\n\t\t\t\t<section class=\"elementor-section elementor-top-section elementor-element elementor-element-11634ce elementor-section-boxed elementor-section-height-default elementor-section-height-default\" data-id=\"11634ce\" data-element_type=\"section\" data-e-type=\"section\">\n\t\t\t\t\t\t<div class=\"elementor-container elementor-column-gap-default\">\n\t\t\t\t\t<div class=\"elementor-column elementor-col-100 elementor-top-column elementor-element elementor-element-be941d0\" data-id=\"be941d0\" data-element_type=\"column\" data-e-type=\"column\">\n\t\t\t<div class=\"elementor-widget-wrap elementor-element-populated\">\n\t\t\t\t\t\t<div class=\"elementor-element elementor-element-17dbee7 elementor-position-top elementor-widget elementor-widget-image-box\" data-id=\"17dbee7\" data-element_type=\"widget\" data-e-type=\"widget\" data-widget_type=\"image-box.default\">\n\t\t\t\t<div class=\"elementor-widget-container\">\n\t\t\t\t\t<div class=\"elementor-image-box-wrapper\"><figure class=\"elementor-image-box-img\"><a href=\"https:\/\/en.wikipedia.org\/wiki\/The_Hay_Harvest#\/media\/File:The_haymaking,_by_Pieter_Bruegel_(I).jpg%20\" target=\"_blank\" tabindex=\"-1\"><img loading=\"lazy\" decoding=\"async\" width=\"716\" height=\"520\" src=\"https:\/\/illyriantailor.com\/wp-content\/uploads\/2025\/02\/Sklizen-1.jpg\" class=\"attachment-large size-large wp-image-5703\" alt=\"\" srcset=\"https:\/\/illyriantailor.com\/wp-content\/uploads\/2025\/02\/Sklizen-1.jpg 716w, https:\/\/illyriantailor.com\/wp-content\/uploads\/2025\/02\/Sklizen-1-300x218.jpg 300w, https:\/\/illyriantailor.com\/wp-content\/uploads\/2025\/02\/Sklizen-1-18x12.jpg 18w\" sizes=\"(max-width: 716px) 100vw, 716px\" \/><\/a><\/figure><div class=\"elementor-image-box-content\"><h5 class=\"elementor-image-box-title\"><a href=\"https:\/\/en.wikipedia.org\/wiki\/The_Hay_Harvest#\/media\/File:The_haymaking,_by_Pieter_Bruegel_(I).jpg%20\" target=\"_blank\">BRUEGEL, Pieter the Elder. The Hay Harvest<\/a><\/h5><p class=\"elementor-image-box-description\">Detail from the painting The Hay Harvest by Pieter Bruegel the Elder, which can now be found in the Lobkowicz Palace at Prague Castle. In the famous depiction, we see young girls in dresses (kirtles), of medium length, about calf-length. Shorter lengths are generally most often depicted for working women. We also see white shirts with long sleeves, which served a multi-purpose purpose as a shirt, petticoat, nightgown and underwear. We see leather shoes on their feet and head covering on their heads. The girl or woman, with her back turned, has a basket, detachable sleeves and a blue apron for work with hanging edges.<\/p><\/div><\/div>\t\t\t\t<\/div>\n\t\t\t\t<\/div>\n\t\t\t\t<div class=\"elementor-element elementor-element-25f92a0 elementor-position-top elementor-widget elementor-widget-image-box\" data-id=\"25f92a0\" data-element_type=\"widget\" data-e-type=\"widget\" data-widget_type=\"image-box.default\">\n\t\t\t\t<div class=\"elementor-widget-container\">\n\t\t\t\t\t<div class=\"elementor-image-box-wrapper\"><figure class=\"elementor-image-box-img\"><a href=\"https:\/\/artuk.org\/discover\/artworks\/a-child-with-a-rattle-38843#:~:text=A%20Child%20with%20a%20Rattle%20by%20Paulus,to)%2C%201611%2C%20from%20Leeds%20Museums%20and%20Galleries.\" target=\"_blank\" tabindex=\"-1\"><img loading=\"lazy\" decoding=\"async\" width=\"459\" height=\"622\" src=\"https:\/\/illyriantailor.com\/wp-content\/uploads\/2025\/02\/Holcicka_pejsek.jpg\" class=\"attachment-large size-large wp-image-5737\" alt=\"\" srcset=\"https:\/\/illyriantailor.com\/wp-content\/uploads\/2025\/02\/Holcicka_pejsek.jpg 459w, https:\/\/illyriantailor.com\/wp-content\/uploads\/2025\/02\/Holcicka_pejsek-221x300.jpg 221w, https:\/\/illyriantailor.com\/wp-content\/uploads\/2025\/02\/Holcicka_pejsek-9x12.jpg 9w\" sizes=\"(max-width: 459px) 100vw, 459px\" \/><\/a><\/figure><div class=\"elementor-image-box-content\"><h5 class=\"elementor-image-box-title\"><a href=\"https:\/\/artuk.org\/discover\/artworks\/a-child-with-a-rattle-38843#:~:text=A%20Child%20with%20a%20Rattle%20by%20Paulus,to)%2C%201611%2C%20from%20Leeds%20Museums%20and%20Galleries.\" target=\"_blank\">SOMER, Paulus van. A Child with a Rattle<\/a><\/h5><p class=\"elementor-image-box-description\">From the upper classes, we see these clothes in a pompous design worthy of their status - a dress\/coat made of more expensive fabric and with more elaborate details and decorations. The apron is decorative and reaches to the neck - this upper part of the covering (longer aprons) can be seen in many children's clothes regardless of the status. The little girl has a decorative coif and cuffs, on her feet low, decorative slip-on shoes resembling fashionable shoes that were also worn by adults. She holds a rattle in her hand - a very common detail in paintings with children of toddler and preschool age. <\/p><\/div><\/div>\t\t\t\t<\/div>\n\t\t\t\t<\/div>\n\t\t\t\t<div class=\"elementor-element elementor-element-1bce28b elementor-position-top elementor-widget elementor-widget-image-box\" data-id=\"1bce28b\" data-element_type=\"widget\" data-e-type=\"widget\" data-widget_type=\"image-box.default\">\n\t\t\t\t<div class=\"elementor-widget-container\">\n\t\t\t\t\t<div class=\"elementor-image-box-wrapper\"><figure class=\"elementor-image-box-img\"><a href=\"https:\/\/artuk.org\/discover\/artworks\/portrait-of-a-girl-aged-one-with-a-basket-of-strawberries-83863\" target=\"_blank\" tabindex=\"-1\"><img loading=\"lazy\" decoding=\"async\" width=\"481\" height=\"685\" src=\"https:\/\/illyriantailor.com\/wp-content\/uploads\/2025\/02\/Holcicka_chrastitko.jpg\" class=\"attachment-large size-large wp-image-5753\" alt=\"\" srcset=\"https:\/\/illyriantailor.com\/wp-content\/uploads\/2025\/02\/Holcicka_chrastitko.jpg 481w, https:\/\/illyriantailor.com\/wp-content\/uploads\/2025\/02\/Holcicka_chrastitko-211x300.jpg 211w, https:\/\/illyriantailor.com\/wp-content\/uploads\/2025\/02\/Holcicka_chrastitko-8x12.jpg 8w\" sizes=\"(max-width: 481px) 100vw, 481px\" \/><\/a><\/figure><div class=\"elementor-image-box-content\"><h5 class=\"elementor-image-box-title\"><a href=\"https:\/\/artuk.org\/discover\/artworks\/portrait-of-a-girl-aged-one-with-a-basket-of-strawberries-83863\" target=\"_blank\">Dutch (Friesland) School. Portrait of a Girl, Aged One, with a Basket of Strawberries<\/a><\/h5><p class=\"elementor-image-box-description\">Another girl in a long-sleeved dress\/cloak. Underneath the dress, you can see a decorative petticoat, a decorative apron, and a cap with a decorative rim, or rather a cap worn over a decorative coif. The girl has a basket of strawberries, a rattle, black shoes on her feet, and red beads around her neck. These beads, along with rattles, are also often depicted in portraits of children, and according to Veronika Piln\u00e1, these \"strings of red beads\" are probably decorations made of sea corals, which were supposed to change color if the child fell ill. This description is found in the publication Clothing in West Bohemia 15th - 17th century (p. 112), and we can see that this was a detail common across European countries. Piln\u00e1 states on the same page that even such small children wore lace collars and decorations on festive occasions. She also assumes, based on iconography, that children of the same sex were given identical clothing (p. 113), as evidenced by abundant foreign and domestic iconography. \"From the age when they stopped wearing toddler skirts, boys and girls had clothing made identically down to the last detail...\" she states. <\/p><\/div><\/div>\t\t\t\t<\/div>\n\t\t\t\t<\/div>\n\t\t\t\t<div class=\"elementor-element elementor-element-7cfef43 elementor-position-top elementor-widget elementor-widget-image-box\" data-id=\"7cfef43\" data-element_type=\"widget\" data-e-type=\"widget\" data-widget_type=\"image-box.default\">\n\t\t\t\t<div class=\"elementor-widget-container\">\n\t\t\t\t\t<div class=\"elementor-image-box-wrapper\"><figure class=\"elementor-image-box-img\"><a href=\"https:\/\/www.wikiart.org\/en\/hendrick-avercamp\/study-of-a-standing-man-and-child-1634\" target=\"_blank\" tabindex=\"-1\"><img loading=\"lazy\" decoding=\"async\" width=\"404\" height=\"600\" src=\"https:\/\/illyriantailor.com\/wp-content\/uploads\/2025\/02\/Holcicka_muz.jpeg\" class=\"attachment-large size-large wp-image-5760\" alt=\"\" srcset=\"https:\/\/illyriantailor.com\/wp-content\/uploads\/2025\/02\/Holcicka_muz.jpeg 404w, https:\/\/illyriantailor.com\/wp-content\/uploads\/2025\/02\/Holcicka_muz-202x300.jpeg 202w, https:\/\/illyriantailor.com\/wp-content\/uploads\/2025\/02\/Holcicka_muz-8x12.jpeg 8w\" sizes=\"(max-width: 404px) 100vw, 404px\" \/><\/a><\/figure><div class=\"elementor-image-box-content\"><h5 class=\"elementor-image-box-title\"><a href=\"https:\/\/www.wikiart.org\/en\/hendrick-avercamp\/study-of-a-standing-man-and-child-1634\" target=\"_blank\">AVERCAMP, Hendrick. Study of a Standing Man and Child<\/a><\/h5><p class=\"elementor-image-box-description\">Depiction of a poor girl, again in practical clothing (dress\/coat) with an apron, low shoes, and a warm cap on her head. A petticoat can be seen under her dress.<\/p><\/div><\/div>\t\t\t\t<\/div>\n\t\t\t\t<\/div>\n\t\t\t\t<div class=\"elementor-element elementor-element-2f2d297 elementor-position-top elementor-widget elementor-widget-image-box\" data-id=\"2f2d297\" data-element_type=\"widget\" data-e-type=\"widget\" data-widget_type=\"image-box.default\">\n\t\t\t\t<div class=\"elementor-widget-container\">\n\t\t\t\t\t<div class=\"elementor-image-box-wrapper\"><figure class=\"elementor-image-box-img\"><a href=\"https:\/\/www.museodelprado.es\/en\/the-collection\/art-work\/country-wedding\/4dc0197d-9686-4967-a13b-89fd3465ab40\" target=\"_blank\" tabindex=\"-1\"><img loading=\"lazy\" decoding=\"async\" width=\"468\" height=\"509\" src=\"https:\/\/illyriantailor.com\/wp-content\/uploads\/2025\/02\/9a256f30bcff138cdb7cc05f3cef6c01.jpg\" class=\"attachment-large size-large wp-image-5779\" alt=\"Country_Wedding\" srcset=\"https:\/\/illyriantailor.com\/wp-content\/uploads\/2025\/02\/9a256f30bcff138cdb7cc05f3cef6c01.jpg 468w, https:\/\/illyriantailor.com\/wp-content\/uploads\/2025\/02\/9a256f30bcff138cdb7cc05f3cef6c01-276x300.jpg 276w, https:\/\/illyriantailor.com\/wp-content\/uploads\/2025\/02\/9a256f30bcff138cdb7cc05f3cef6c01-11x12.jpg 11w\" sizes=\"(max-width: 468px) 100vw, 468px\" \/><\/a><\/figure><div class=\"elementor-image-box-content\"><h5 class=\"elementor-image-box-title\"><a href=\"https:\/\/www.museodelprado.es\/en\/the-collection\/art-work\/country-wedding\/4dc0197d-9686-4967-a13b-89fd3465ab40\" target=\"_blank\">BRUEGHEL, Jan the Elder. Country Wedding<\/a><\/h5><p class=\"elementor-image-box-description\">Detail of girls dressed like their mother in skirt, waistcoat, petticoat, coif, and low leather shoes. One blue apron and warmer stockings can be seen. The girl (boy?) sitting on the wall also has a cap.<\/p><\/div><\/div>\t\t\t\t<\/div>\n\t\t\t\t<\/div>\n\t\t\t\t<div class=\"elementor-element elementor-element-6e18f83 elementor-position-top elementor-widget elementor-widget-image-box\" data-id=\"6e18f83\" data-element_type=\"widget\" data-e-type=\"widget\" data-widget_type=\"image-box.default\">\n\t\t\t\t<div class=\"elementor-widget-container\">\n\t\t\t\t\t<div class=\"elementor-image-box-wrapper\"><figure class=\"elementor-image-box-img\"><a href=\"https:\/\/www.museodelprado.es\/en\/the-collection\/art-work\/country-life\/1b0e7bc9-bbd6-41ed-931d-fe431211a98e\" target=\"_blank\" tabindex=\"-1\"><img loading=\"lazy\" decoding=\"async\" width=\"379\" height=\"493\" src=\"https:\/\/illyriantailor.com\/wp-content\/uploads\/2025\/02\/Brueghel_Sklizen.jpg\" class=\"attachment-large size-large wp-image-5792\" alt=\"\" srcset=\"https:\/\/illyriantailor.com\/wp-content\/uploads\/2025\/02\/Brueghel_Sklizen.jpg 379w, https:\/\/illyriantailor.com\/wp-content\/uploads\/2025\/02\/Brueghel_Sklizen-231x300.jpg 231w, https:\/\/illyriantailor.com\/wp-content\/uploads\/2025\/02\/Brueghel_Sklizen-9x12.jpg 9w\" sizes=\"(max-width: 379px) 100vw, 379px\" \/><\/a><\/figure><div class=\"elementor-image-box-content\"><h5 class=\"elementor-image-box-title\"><a href=\"https:\/\/www.museodelprado.es\/en\/the-collection\/art-work\/country-life\/1b0e7bc9-bbd6-41ed-931d-fe431211a98e\" target=\"_blank\">BRUEGHEL, Jan the Elder. Country Life<\/a><\/h5><p class=\"elementor-image-box-description\">Detail from Bruegel's painting containing, among other things, the same characters as in The Hay Harvest, but here with children playing in the grass wearing only shirts \u2013 the girl has a long shirt, coif, and shoes modeled after the older girls and women in the painting.<\/p><\/div><\/div>\t\t\t\t<\/div>\n\t\t\t\t<\/div>\n\t\t\t\t<div class=\"elementor-element elementor-element-c60a133 elementor-position-top elementor-widget elementor-widget-image-box\" data-id=\"c60a133\" data-element_type=\"widget\" data-e-type=\"widget\" data-widget_type=\"image-box.default\">\n\t\t\t\t<div class=\"elementor-widget-container\">\n\t\t\t\t\t<div class=\"elementor-image-box-wrapper\"><figure class=\"elementor-image-box-img\"><a href=\"https:\/\/www.kunstdwalingen.nl\/het-kleden-der-wezen-jan-victors-1659\/\" target=\"_blank\" tabindex=\"-1\"><img loading=\"lazy\" decoding=\"async\" width=\"622\" height=\"414\" src=\"https:\/\/illyriantailor.com\/wp-content\/uploads\/2025\/02\/Oblekani_sirotku.jpg\" class=\"attachment-large size-large wp-image-5802\" alt=\"\" srcset=\"https:\/\/illyriantailor.com\/wp-content\/uploads\/2025\/02\/Oblekani_sirotku.jpg 622w, https:\/\/illyriantailor.com\/wp-content\/uploads\/2025\/02\/Oblekani_sirotku-300x200.jpg 300w, https:\/\/illyriantailor.com\/wp-content\/uploads\/2025\/02\/Oblekani_sirotku-18x12.jpg 18w\" sizes=\"(max-width: 622px) 100vw, 622px\" \/><\/a><\/figure><div class=\"elementor-image-box-content\"><h5 class=\"elementor-image-box-title\"><a href=\"https:\/\/www.kunstdwalingen.nl\/het-kleden-der-wezen-jan-victors-1659\/\" target=\"_blank\">VICTORS, Jan. Het kleden der wezen<\/a><\/h5><p class=\"elementor-image-box-description\">In the painting Dressing the Orphans, we see a girl in a brown dress (kirtle), a white long-sleeved shirt, and her hair traditionally braided in the hair taping style. The dress is practically shorter. The girl in the yellow waistcoat is putting on brown stockings and we can also see her white shirt and the detail of her lacing. She is holding laces in her hand, which she will probably use to tie her stockings below the knee, and she is wearing a white coif on her head. A naked girl is putting on a white shirt while a girl in a coat, skirt, and also a white shirt watches her from behind. The girl in the right corner is probably also having her hair braided in the traditional taping hair style and is dressed similarly.<\/p><\/div><\/div>\t\t\t\t<\/div>\n\t\t\t\t<\/div>\n\t\t\t\t<div class=\"elementor-element elementor-element-7e8aaff elementor-position-top elementor-widget elementor-widget-image-box\" data-id=\"7e8aaff\" data-element_type=\"widget\" data-e-type=\"widget\" data-widget_type=\"image-box.default\">\n\t\t\t\t<div class=\"elementor-widget-container\">\n\t\t\t\t\t<div class=\"elementor-image-box-wrapper\"><figure class=\"elementor-image-box-img\"><a href=\"https:\/\/www.pubhist.com\/w11967\" target=\"_blank\" tabindex=\"-1\"><img loading=\"lazy\" decoding=\"async\" width=\"289\" height=\"320\" src=\"https:\/\/illyriantailor.com\/wp-content\/uploads\/2025\/02\/5910b8524fdede33c6a1ec258dc6ec91.jpg\" class=\"attachment-large size-large wp-image-5813\" alt=\"\" srcset=\"https:\/\/illyriantailor.com\/wp-content\/uploads\/2025\/02\/5910b8524fdede33c6a1ec258dc6ec91.jpg 289w, https:\/\/illyriantailor.com\/wp-content\/uploads\/2025\/02\/5910b8524fdede33c6a1ec258dc6ec91-271x300.jpg 271w, https:\/\/illyriantailor.com\/wp-content\/uploads\/2025\/02\/5910b8524fdede33c6a1ec258dc6ec91-11x12.jpg 11w\" sizes=\"(max-width: 289px) 100vw, 289px\" \/><\/a><\/figure><div class=\"elementor-image-box-content\"><h5 class=\"elementor-image-box-title\"><a href=\"https:\/\/www.pubhist.com\/w11967\" target=\"_blank\">VICTORS, Jan. Feeding the Orphans<\/a><\/h5><p class=\"elementor-image-box-description\">Slightly older girls can be seen in the painting Feeding the Orphans, where almost all of them are wearing black dresses with long sleeves, white coifs, and scarves over their shoulders. White shirts and partlets are also visible. In all of these paintings, we see the fashion of gathered skirts, and it is clear that young girls were already dressing in the style of older, adult women. My favorite detail in this painting is the decorations hanging from the corners of the scarves\u2014the tassels. <\/p><\/div><\/div>\t\t\t\t<\/div>\n\t\t\t\t<\/div>\n\t\t\t\t<div class=\"elementor-element elementor-element-15f3a55 elementor-position-top elementor-widget elementor-widget-image-box\" data-id=\"15f3a55\" data-element_type=\"widget\" data-e-type=\"widget\" data-widget_type=\"image-box.default\">\n\t\t\t\t<div class=\"elementor-widget-container\">\n\t\t\t\t\t<div class=\"elementor-image-box-wrapper\"><figure class=\"elementor-image-box-img\"><a href=\"https:\/\/www.nationalgallery.org.uk\/paintings\/the-le-nain-brothers-a-woman-and-five-children\" target=\"_blank\" tabindex=\"-1\"><img loading=\"lazy\" decoding=\"async\" width=\"745\" height=\"600\" src=\"https:\/\/illyriantailor.com\/wp-content\/uploads\/2025\/02\/745px-Antoine_Le_Nain_c.1588-1648_-_A_Woman_and_Five_Children_-_NG1425_-_National_Gallery.jpg\" class=\"attachment-large size-large wp-image-5829\" alt=\"\" srcset=\"https:\/\/illyriantailor.com\/wp-content\/uploads\/2025\/02\/745px-Antoine_Le_Nain_c.1588-1648_-_A_Woman_and_Five_Children_-_NG1425_-_National_Gallery.jpg 745w, https:\/\/illyriantailor.com\/wp-content\/uploads\/2025\/02\/745px-Antoine_Le_Nain_c.1588-1648_-_A_Woman_and_Five_Children_-_NG1425_-_National_Gallery-300x242.jpg 300w, https:\/\/illyriantailor.com\/wp-content\/uploads\/2025\/02\/745px-Antoine_Le_Nain_c.1588-1648_-_A_Woman_and_Five_Children_-_NG1425_-_National_Gallery-15x12.jpg 15w\" sizes=\"(max-width: 745px) 100vw, 745px\" \/><\/a><\/figure><div class=\"elementor-image-box-content\"><h5 class=\"elementor-image-box-title\"><a href=\"https:\/\/www.nationalgallery.org.uk\/paintings\/the-le-nain-brothers-a-woman-and-five-children\" target=\"_blank\">LE NAIN brothers. A Woman and Five Chlidren<\/a><\/h5><p class=\"elementor-image-box-description\">A Woman and Five Children by the Le Nain brothers, who often depicted the poorer classes and large families. Although it is not clear from the painting whether the figures in dresses are girls or boys, given the gender-neutral style of clothing at the time, it is clear that the dresses resemble adult clothing. We can see that the children wore long white shirts, skirts, and bodices in various colors. The bodices are sewn from different colored pieces, presumably to save fabric and use up scraps. This is also documented for adults, whether for reasons of saving fabric or color fashion. The bodices are sewn with closures in places other than the chest \u2013 it is not clear whether on the sides or at the back. We see a classic skirt slit below the navel, a white shirt underneath, and low-heeled leather shoes with laces. There are also accessories \u2013 white scarves, stockings, and one figure has a kind of white headband around her head, probably a linen scarf that has been rolled up or otherwise shaped from some kind of cap. The figure on the far left has a scarf sticking out from behind her neckline, so it may just be tucked behind her neckline and serving as a bib.<\/p><\/div><\/div>\t\t\t\t<\/div>\n\t\t\t\t<\/div>\n\t\t\t\t<div class=\"elementor-element elementor-element-b12115b elementor-position-top elementor-widget elementor-widget-image-box\" data-id=\"b12115b\" data-element_type=\"widget\" data-e-type=\"widget\" data-widget_type=\"image-box.default\">\n\t\t\t\t<div class=\"elementor-widget-container\">\n\t\t\t\t\t<div class=\"elementor-image-box-wrapper\"><figure class=\"elementor-image-box-img\"><a href=\"https:\/\/artuk.org\/discover\/artworks\/peasant-children-85471\/search\/keyword:peasant-children\/page\/1\" target=\"_blank\" tabindex=\"-1\"><img loading=\"lazy\" decoding=\"async\" width=\"800\" height=\"640\" src=\"https:\/\/illyriantailor.com\/wp-content\/uploads\/2022\/07\/GL_GM_35_578-001.jpg\" class=\"attachment-large size-large wp-image-4624\" alt=\"LeNain\" srcset=\"https:\/\/illyriantailor.com\/wp-content\/uploads\/2022\/07\/GL_GM_35_578-001.jpg 800w, https:\/\/illyriantailor.com\/wp-content\/uploads\/2022\/07\/GL_GM_35_578-001-300x240.jpg 300w, https:\/\/illyriantailor.com\/wp-content\/uploads\/2022\/07\/GL_GM_35_578-001-768x614.jpg 768w, https:\/\/illyriantailor.com\/wp-content\/uploads\/2022\/07\/GL_GM_35_578-001-15x12.jpg 15w\" sizes=\"(max-width: 800px) 100vw, 800px\" \/><\/a><\/figure><div class=\"elementor-image-box-content\"><h5 class=\"elementor-image-box-title\"><a href=\"https:\/\/artuk.org\/discover\/artworks\/peasant-children-85471\/search\/keyword:peasant-children\/page\/1\" target=\"_blank\">LE NAIN, Antoine. Peasant Children<\/a><\/h5><p class=\"elementor-image-box-description\">In one of Antoine Le Nain's other paintings, we find a nice detail in the patched clothing of the girl on the left\u2014her skirt has been repaired or sewn from several pieces of fabric, and her coat sleeve has a patch on the elbow. Otherwise, her clothing is similar in style to that described above. We also see a smaller child in a dress apparently sewn from a single color of fabric (perhaps there was enough single-color fabric left over for such a small figure, as was the case with our toddlers).<\/p><\/div><\/div>\t\t\t\t<\/div>\n\t\t\t\t<\/div>\n\t\t\t\t<div class=\"elementor-element elementor-element-60ac3e3 elementor-position-top elementor-widget elementor-widget-image-box\" data-id=\"60ac3e3\" data-element_type=\"widget\" data-e-type=\"widget\" data-widget_type=\"image-box.default\">\n\t\t\t\t<div class=\"elementor-widget-container\">\n\t\t\t\t\t<div class=\"elementor-image-box-wrapper\"><figure class=\"elementor-image-box-img\"><a href=\"https:\/\/www.wga.hu\/html_m\/l\/le_nain\/piper.html\" target=\"_blank\" tabindex=\"-1\"><img loading=\"lazy\" decoding=\"async\" width=\"1024\" height=\"748\" src=\"https:\/\/illyriantailor.com\/wp-content\/uploads\/2025\/02\/The-Village-Piper-1024x748.webp\" class=\"attachment-large size-large wp-image-5872\" alt=\"\" srcset=\"https:\/\/illyriantailor.com\/wp-content\/uploads\/2025\/02\/The-Village-Piper-1024x748.webp 1024w, https:\/\/illyriantailor.com\/wp-content\/uploads\/2025\/02\/The-Village-Piper-300x219.webp 300w, https:\/\/illyriantailor.com\/wp-content\/uploads\/2025\/02\/The-Village-Piper-768x561.webp 768w, https:\/\/illyriantailor.com\/wp-content\/uploads\/2025\/02\/The-Village-Piper-1536x1122.webp 1536w, https:\/\/illyriantailor.com\/wp-content\/uploads\/2025\/02\/The-Village-Piper-16x12.webp 16w, https:\/\/illyriantailor.com\/wp-content\/uploads\/2025\/02\/The-Village-Piper.webp 2048w\" sizes=\"(max-width: 1024px) 100vw, 1024px\" \/><\/a><\/figure><div class=\"elementor-image-box-content\"><h5 class=\"elementor-image-box-title\"><a href=\"https:\/\/www.wga.hu\/html_m\/l\/le_nain\/piper.html\" target=\"_blank\">LE NAIN brothers. The Villager Piper<\/a><\/h5><p class=\"elementor-image-box-description\">The painting with children and a street artist, again by the Le Nain brothers, depicts a genre scene in which poor children are dressed like adults. Two girls are wearing head coverings \u2013 a coif and a scarf wrapped around the head \u2013 and both are wearing kirtles (dresses with bodices). The barefoot girl on the right shows a white shirt, a tattered piece of clothing, but with a clear pattern \u2013 a bodice with a skirt and sleeves made of fabrics of different colors: the skirt is beige\/light brown, the bodice is also brown, the bodice straps are red, and the sleeves are yellow\/beige. Under the skirt is a dark-colored petticoat and a white shirt. A partlet protects the front of the girl's chest. The girl in the shadows reveals only the upper part of her dress \u2013 a bodice with sleeves, again in different colors, and a white shirt. <\/p><\/div><\/div>\t\t\t\t<\/div>\n\t\t\t\t<\/div>\n\t\t\t\t\t<\/div>\n\t\t<\/div>\n\t\t\t\t\t<\/div>\n\t\t<\/section>\n\t\t\t\t<section class=\"elementor-section elementor-top-section elementor-element elementor-element-a1cada9 elementor-section-boxed elementor-section-height-default elementor-section-height-default\" data-id=\"a1cada9\" data-element_type=\"section\" data-e-type=\"section\">\n\t\t\t\t\t\t<div class=\"elementor-container elementor-column-gap-default\">\n\t\t\t\t\t<div class=\"elementor-column elementor-col-100 elementor-top-column elementor-element elementor-element-9c58f3e\" data-id=\"9c58f3e\" data-element_type=\"column\" data-e-type=\"column\">\n\t\t\t<div class=\"elementor-widget-wrap elementor-element-populated\">\n\t\t\t\t\t\t<div class=\"elementor-element elementor-element-00f959f elementor-widget elementor-widget-heading\" data-id=\"00f959f\" data-element_type=\"widget\" data-e-type=\"widget\" data-widget_type=\"heading.default\">\n\t\t\t\t<div class=\"elementor-widget-container\">\n\t\t\t\t\t<h2 class=\"elementor-heading-title elementor-size-default\">Step by step<\/h2>\t\t\t\t<\/div>\n\t\t\t\t<\/div>\n\t\t\t\t\t<\/div>\n\t\t<\/div>\n\t\t\t\t\t<\/div>\n\t\t<\/section>\n\t\t\t\t<section class=\"elementor-section elementor-top-section elementor-element elementor-element-7206953 elementor-section-boxed elementor-section-height-default elementor-section-height-default\" data-id=\"7206953\" data-element_type=\"section\" data-e-type=\"section\">\n\t\t\t\t\t\t<div class=\"elementor-container elementor-column-gap-default\">\n\t\t\t\t\t<div class=\"elementor-column elementor-col-100 elementor-top-column elementor-element elementor-element-1289dba\" data-id=\"1289dba\" data-element_type=\"column\" data-e-type=\"column\">\n\t\t\t<div class=\"elementor-widget-wrap elementor-element-populated\">\n\t\t\t\t\t\t<div class=\"elementor-element elementor-element-efe2e4b elementor-widget elementor-widget-heading\" data-id=\"efe2e4b\" data-element_type=\"widget\" data-e-type=\"widget\" data-widget_type=\"heading.default\">\n\t\t\t\t<div class=\"elementor-widget-container\">\n\t\t\t\t\t<h3 class=\"elementor-heading-title elementor-size-default\">Shirt<\/h3>\t\t\t\t<\/div>\n\t\t\t\t<\/div>\n\t\t\t\t<div class=\"elementor-element elementor-element-0f63beb elementor-position-top elementor-widget elementor-widget-image-box\" data-id=\"0f63beb\" data-element_type=\"widget\" data-e-type=\"widget\" data-widget_type=\"image-box.default\">\n\t\t\t\t<div class=\"elementor-widget-container\">\n\t\t\t\t\t<div class=\"elementor-image-box-wrapper\"><figure class=\"elementor-image-box-img\"><img loading=\"lazy\" decoding=\"async\" width=\"204\" height=\"404\" src=\"https:\/\/illyriantailor.com\/wp-content\/uploads\/2025\/02\/Kolaz_kosile.jpg\" class=\"attachment-full size-full wp-image-5917\" alt=\"\" srcset=\"https:\/\/illyriantailor.com\/wp-content\/uploads\/2025\/02\/Kolaz_kosile.jpg 204w, https:\/\/illyriantailor.com\/wp-content\/uploads\/2025\/02\/Kolaz_kosile-151x300.jpg 151w, https:\/\/illyriantailor.com\/wp-content\/uploads\/2025\/02\/Kolaz_kosile-6x12.jpg 6w\" sizes=\"(max-width: 204px) 100vw, 204px\" \/><\/figure><div class=\"elementor-image-box-content\"><p class=\"elementor-image-box-description\">I sewed\/cut several copies of the shirt for the girl so that she would have something to change into if she fell into a puddle, got wet, or had some other wet accident. <\/p><\/div><\/div>\t\t\t\t<\/div>\n\t\t\t\t<\/div>\n\t\t\t\t<div class=\"elementor-element elementor-element-46c1284 elementor-position-left elementor-vertical-align-top elementor-widget elementor-widget-image-box\" data-id=\"46c1284\" data-element_type=\"widget\" data-e-type=\"widget\" data-widget_type=\"image-box.default\">\n\t\t\t\t<div class=\"elementor-widget-container\">\n\t\t\t\t\t<div class=\"elementor-image-box-wrapper\"><figure class=\"elementor-image-box-img\"><a href=\"https:\/\/www.tudortailor.com\/the-tudor-child\" target=\"_blank\" tabindex=\"-1\"><img loading=\"lazy\" decoding=\"async\" width=\"310\" height=\"400\" src=\"https:\/\/illyriantailor.com\/wp-content\/uploads\/2021\/11\/9780896762671.jpg\" class=\"attachment-full size-full wp-image-4002\" alt=\"thetudorchild\" srcset=\"https:\/\/illyriantailor.com\/wp-content\/uploads\/2021\/11\/9780896762671.jpg 310w, https:\/\/illyriantailor.com\/wp-content\/uploads\/2021\/11\/9780896762671-233x300.jpg 233w, https:\/\/illyriantailor.com\/wp-content\/uploads\/2021\/11\/9780896762671-9x12.jpg 9w\" sizes=\"(max-width: 310px) 100vw, 310px\" \/><\/a><\/figure><div class=\"elementor-image-box-content\"><p class=\"elementor-image-box-description\">As with the boys' version, I again drew inspiration from my favorite publication, The Tudor Child: Clothing and Culture 1485 to 1625. The pattern is very simple and can also be used for adults. I chose the simplest option possible, as this will make it easier to adjust in the coming years. In other words, the shirt is designed to grow, not only in terms of the sleeves and overall length, but also in terms of the circumference and shoulder seams, which I will try to describe later in a separate post.<\/p><\/div><\/div>\t\t\t\t<\/div>\n\t\t\t\t<\/div>\n\t\t\t\t<div class=\"elementor-element elementor-element-b609563 elementor-position-left elementor-vertical-align-top elementor-widget elementor-widget-image-box\" data-id=\"b609563\" data-element_type=\"widget\" data-e-type=\"widget\" data-widget_type=\"image-box.default\">\n\t\t\t\t<div class=\"elementor-widget-container\">\n\t\t\t\t\t<div class=\"elementor-image-box-wrapper\"><figure class=\"elementor-image-box-img\"><a href=\"https:\/\/www.amazon.com\/Seventeenth-Century-Womens-Dress-Patterns-Book\/dp\/1851776311\" target=\"_blank\" tabindex=\"-1\"><img decoding=\"async\" src=\"https:\/\/m.media-amazon.com\/images\/I\/51YWK1eMb2L._SX218_BO1,204,203,200_QL40_FMwebp_.jpg\" title=\"\" alt=\"womensdresspatterns\" loading=\"lazy\" \/><\/a><\/figure><div class=\"elementor-image-box-content\"><p class=\"elementor-image-box-description\">I also used instructions for sewing on details from the publication Seventeenth Century Women's Dress Patterns, which describes the process of sewing on individual parts of the shirt based on preserved examples. \n<\/p><\/div><\/div>\t\t\t\t<\/div>\n\t\t\t\t<\/div>\n\t\t\t\t\t<\/div>\n\t\t<\/div>\n\t\t\t\t\t<\/div>\n\t\t<\/section>\n\t\t\t\t<section class=\"elementor-section elementor-top-section elementor-element elementor-element-2b13c19 elementor-section-boxed elementor-section-height-default elementor-section-height-default\" data-id=\"2b13c19\" data-element_type=\"section\" data-e-type=\"section\">\n\t\t\t\t\t\t<div class=\"elementor-container elementor-column-gap-default\">\n\t\t\t\t\t<div class=\"elementor-column elementor-col-100 elementor-top-column elementor-element elementor-element-f80575d\" data-id=\"f80575d\" data-element_type=\"column\" data-e-type=\"column\">\n\t\t\t<div class=\"elementor-widget-wrap elementor-element-populated\">\n\t\t\t\t\t\t<div class=\"elementor-element elementor-element-80364ea elementor-position-top elementor-widget elementor-widget-image-box\" data-id=\"80364ea\" data-element_type=\"widget\" data-e-type=\"widget\" data-widget_type=\"image-box.default\">\n\t\t\t\t<div class=\"elementor-widget-container\">\n\t\t\t\t\t<div class=\"elementor-image-box-wrapper\"><figure class=\"elementor-image-box-img\"><img loading=\"lazy\" decoding=\"async\" width=\"1500\" height=\"2000\" src=\"https:\/\/illyriantailor.com\/wp-content\/uploads\/2025\/02\/Strih_kosile_sunset.jpg\" class=\"attachment-full size-full wp-image-5928\" alt=\"\" srcset=\"https:\/\/illyriantailor.com\/wp-content\/uploads\/2025\/02\/Strih_kosile_sunset.jpg 1500w, https:\/\/illyriantailor.com\/wp-content\/uploads\/2025\/02\/Strih_kosile_sunset-225x300.jpg 225w, https:\/\/illyriantailor.com\/wp-content\/uploads\/2025\/02\/Strih_kosile_sunset-768x1024.jpg 768w, https:\/\/illyriantailor.com\/wp-content\/uploads\/2025\/02\/Strih_kosile_sunset-1152x1536.jpg 1152w, https:\/\/illyriantailor.com\/wp-content\/uploads\/2025\/02\/Strih_kosile_sunset-9x12.jpg 9w\" sizes=\"(max-width: 1500px) 100vw, 1500px\" \/><\/figure><div class=\"elementor-image-box-content\"><p class=\"elementor-image-box-description\">The pattern consists of two main panels \u2013 rhombuses, one of which has a neckline, two rectangles \u2013 sleeves, and two squares \u2013 underarm gussets. According to the publication, this particular pattern is suitable for the period from 1485 to 1625 for all social classes, with the difference that for the lower class, it is necessary to pay attention to the simplicity of the decoration, i.e., it is appropriate to omit ruffles, flounces, and cuffs. <\/p><\/div><\/div>\t\t\t\t<\/div>\n\t\t\t\t<\/div>\n\t\t\t\t<div class=\"elementor-element elementor-element-795cd83 elementor-position-top elementor-widget elementor-widget-image-box\" data-id=\"795cd83\" data-element_type=\"widget\" data-e-type=\"widget\" data-widget_type=\"image-box.default\">\n\t\t\t\t<div class=\"elementor-widget-container\">\n\t\t\t\t\t<div class=\"elementor-image-box-wrapper\"><figure class=\"elementor-image-box-img\"><img loading=\"lazy\" decoding=\"async\" width=\"2000\" height=\"1500\" src=\"https:\/\/illyriantailor.com\/wp-content\/uploads\/2025\/02\/Kosile.jpg\" class=\"attachment-full size-full wp-image-5932\" alt=\"\" srcset=\"https:\/\/illyriantailor.com\/wp-content\/uploads\/2025\/02\/Kosile.jpg 2000w, https:\/\/illyriantailor.com\/wp-content\/uploads\/2025\/02\/Kosile-300x225.jpg 300w, https:\/\/illyriantailor.com\/wp-content\/uploads\/2025\/02\/Kosile-1024x768.jpg 1024w, https:\/\/illyriantailor.com\/wp-content\/uploads\/2025\/02\/Kosile-768x576.jpg 768w, https:\/\/illyriantailor.com\/wp-content\/uploads\/2025\/02\/Kosile-1536x1152.jpg 1536w, https:\/\/illyriantailor.com\/wp-content\/uploads\/2025\/02\/Kosile-16x12.jpg 16w\" sizes=\"(max-width: 2000px) 100vw, 2000px\" \/><\/figure><div class=\"elementor-image-box-content\"><p class=\"elementor-image-box-description\">The shirt has a simple neckline and straight sleeves. For smaller children, less decorative shirts with the option of lengthening are more worthwhile, so I made the sleeves with almost 20 cm of extra fabric, as well as the overall length of the shirt. <\/p><\/div><\/div>\t\t\t\t<\/div>\n\t\t\t\t<\/div>\n\t\t\t\t<div class=\"elementor-element elementor-element-486c035 elementor-position-top elementor-widget elementor-widget-image-box\" data-id=\"486c035\" data-element_type=\"widget\" data-e-type=\"widget\" data-widget_type=\"image-box.default\">\n\t\t\t\t<div class=\"elementor-widget-container\">\n\t\t\t\t\t<div class=\"elementor-image-box-wrapper\"><figure class=\"elementor-image-box-img\"><img loading=\"lazy\" decoding=\"async\" width=\"1486\" height=\"2048\" src=\"https:\/\/illyriantailor.com\/wp-content\/uploads\/2025\/02\/Kostym_Chlumec.jpg\" class=\"attachment-full size-full wp-image-5936\" alt=\"\" srcset=\"https:\/\/illyriantailor.com\/wp-content\/uploads\/2025\/02\/Kostym_Chlumec.jpg 1486w, https:\/\/illyriantailor.com\/wp-content\/uploads\/2025\/02\/Kostym_Chlumec-218x300.jpg 218w, https:\/\/illyriantailor.com\/wp-content\/uploads\/2025\/02\/Kostym_Chlumec-743x1024.jpg 743w, https:\/\/illyriantailor.com\/wp-content\/uploads\/2025\/02\/Kostym_Chlumec-768x1058.jpg 768w, https:\/\/illyriantailor.com\/wp-content\/uploads\/2025\/02\/Kostym_Chlumec-1115x1536.jpg 1115w, https:\/\/illyriantailor.com\/wp-content\/uploads\/2025\/02\/Kostym_Chlumec-9x12.jpg 9w\" sizes=\"(max-width: 1486px) 100vw, 1486px\" \/><\/figure><div class=\"elementor-image-box-content\"><p class=\"elementor-image-box-description\">Our little village girl in the open-air museum in Vysok\u00fd Chlumec. <\/p><\/div><\/div>\t\t\t\t<\/div>\n\t\t\t\t<\/div>\n\t\t\t\t\t<\/div>\n\t\t<\/div>\n\t\t\t\t\t<\/div>\n\t\t<\/section>\n\t\t\t\t<section class=\"elementor-section elementor-top-section elementor-element elementor-element-9cecf15 elementor-section-boxed elementor-section-height-default elementor-section-height-default\" data-id=\"9cecf15\" data-element_type=\"section\" data-e-type=\"section\">\n\t\t\t\t\t\t<div class=\"elementor-container elementor-column-gap-default\">\n\t\t\t\t\t<div class=\"elementor-column elementor-col-100 elementor-top-column elementor-element elementor-element-3dc02b3\" data-id=\"3dc02b3\" data-element_type=\"column\" data-e-type=\"column\">\n\t\t\t<div class=\"elementor-widget-wrap elementor-element-populated\">\n\t\t\t\t\t\t<div class=\"elementor-element elementor-element-6f600e7 elementor-widget elementor-widget-heading\" data-id=\"6f600e7\" data-element_type=\"widget\" data-e-type=\"widget\" data-widget_type=\"heading.default\">\n\t\t\t\t<div class=\"elementor-widget-container\">\n\t\t\t\t\t<h3 class=\"elementor-heading-title elementor-size-default\">Kirtle<\/h3>\t\t\t\t<\/div>\n\t\t\t\t<\/div>\n\t\t\t\t<div class=\"elementor-element elementor-element-79f833e elementor-position-top elementor-widget elementor-widget-image-box\" data-id=\"79f833e\" data-element_type=\"widget\" data-e-type=\"widget\" data-widget_type=\"image-box.default\">\n\t\t\t\t<div class=\"elementor-widget-container\">\n\t\t\t\t\t<div class=\"elementor-image-box-wrapper\"><figure class=\"elementor-image-box-img\"><a href=\"http:\/\/www.ninyamikhaila.com\/gallery\/16-century\/children\/bruegel-girl%20\" target=\"_blank\" tabindex=\"-1\"><img loading=\"lazy\" decoding=\"async\" width=\"1080\" height=\"1350\" src=\"https:\/\/illyriantailor.com\/wp-content\/uploads\/2025\/02\/Kirtle.jpg\" class=\"attachment-full size-full wp-image-5943\" alt=\"\" srcset=\"https:\/\/illyriantailor.com\/wp-content\/uploads\/2025\/02\/Kirtle.jpg 1080w, https:\/\/illyriantailor.com\/wp-content\/uploads\/2025\/02\/Kirtle-240x300.jpg 240w, https:\/\/illyriantailor.com\/wp-content\/uploads\/2025\/02\/Kirtle-819x1024.jpg 819w, https:\/\/illyriantailor.com\/wp-content\/uploads\/2025\/02\/Kirtle-768x960.jpg 768w, https:\/\/illyriantailor.com\/wp-content\/uploads\/2025\/02\/Kirtle-10x12.jpg 10w\" sizes=\"(max-width: 1080px) 100vw, 1080px\" \/><\/a><\/figure><div class=\"elementor-image-box-content\"><p class=\"elementor-image-box-description\">I sewed the dress, so called kirtle, inspired by the girls from Bruegel's Children's games mentioned above, and I drew the pattern again from the publication The Tudor Child: Clothing and Culture 1485 to 1625. The picture above shows our woolen dresses in colors chosen by my daughter, and below is the model from the publication \u2013 Bruegel's little girl and a kirtle sewn by historical costume designer Nina Mikhaila, who is the co-author of The Tudor Tailor book series. <\/p><\/div><\/div>\t\t\t\t<\/div>\n\t\t\t\t<\/div>\n\t\t\t\t<div class=\"elementor-element elementor-element-cc04a10 elementor-position-top elementor-widget elementor-widget-image-box\" data-id=\"cc04a10\" data-element_type=\"widget\" data-e-type=\"widget\" data-widget_type=\"image-box.default\">\n\t\t\t\t<div class=\"elementor-widget-container\">\n\t\t\t\t\t<div class=\"elementor-image-box-wrapper\"><figure class=\"elementor-image-box-img\"><a href=\"http:\/\/www.ninyamikhaila.com\/gallery\/16-century\/children\/bruegel-girl%20\" target=\"_blank\" tabindex=\"-1\"><img loading=\"lazy\" decoding=\"async\" width=\"2000\" height=\"1500\" src=\"https:\/\/illyriantailor.com\/wp-content\/uploads\/2025\/02\/Kirtle_doma.jpg\" class=\"attachment-full size-full wp-image-5957\" alt=\"\" srcset=\"https:\/\/illyriantailor.com\/wp-content\/uploads\/2025\/02\/Kirtle_doma.jpg 2000w, https:\/\/illyriantailor.com\/wp-content\/uploads\/2025\/02\/Kirtle_doma-300x225.jpg 300w, https:\/\/illyriantailor.com\/wp-content\/uploads\/2025\/02\/Kirtle_doma-1024x768.jpg 1024w, https:\/\/illyriantailor.com\/wp-content\/uploads\/2025\/02\/Kirtle_doma-768x576.jpg 768w, https:\/\/illyriantailor.com\/wp-content\/uploads\/2025\/02\/Kirtle_doma-1536x1152.jpg 1536w, https:\/\/illyriantailor.com\/wp-content\/uploads\/2025\/02\/Kirtle_doma-16x12.jpg 16w\" sizes=\"(max-width: 2000px) 100vw, 2000px\" \/><\/a><\/figure><div class=\"elementor-image-box-content\"><p class=\"elementor-image-box-description\">The little kirtle is made of very comfortable wool, which I bought as leftover material in Belgrade by the kilo. Since my daughter really liked this color, I had to figure out how to make do with the fabric and still create a growing costume. In the end, this was reflected in the waist, where the skirt is not too gathered, so it did not need to be very wide. However, the result is faithful to the models from the publication and Bruegel's girls. <\/p><\/div><\/div>\t\t\t\t<\/div>\n\t\t\t\t<\/div>\n\t\t\t\t<div class=\"elementor-element elementor-element-11104fd elementor-position-top elementor-widget elementor-widget-image-box\" data-id=\"11104fd\" data-element_type=\"widget\" data-e-type=\"widget\" data-widget_type=\"image-box.default\">\n\t\t\t\t<div class=\"elementor-widget-container\">\n\t\t\t\t\t<div class=\"elementor-image-box-wrapper\"><figure class=\"elementor-image-box-img\"><a href=\"http:\/\/www.ninyamikhaila.com\/gallery\/16-century\/children\/bruegel-girl%20\" target=\"_blank\" tabindex=\"-1\"><img loading=\"lazy\" decoding=\"async\" width=\"1536\" height=\"2048\" src=\"https:\/\/illyriantailor.com\/wp-content\/uploads\/2025\/02\/Kirtle_detail-1.jpg\" class=\"attachment-full size-full wp-image-5950\" alt=\"\" srcset=\"https:\/\/illyriantailor.com\/wp-content\/uploads\/2025\/02\/Kirtle_detail-1.jpg 1536w, https:\/\/illyriantailor.com\/wp-content\/uploads\/2025\/02\/Kirtle_detail-1-225x300.jpg 225w, https:\/\/illyriantailor.com\/wp-content\/uploads\/2025\/02\/Kirtle_detail-1-768x1024.jpg 768w, https:\/\/illyriantailor.com\/wp-content\/uploads\/2025\/02\/Kirtle_detail-1-1152x1536.jpg 1152w, https:\/\/illyriantailor.com\/wp-content\/uploads\/2025\/02\/Kirtle_detail-1-9x12.jpg 9w\" sizes=\"(max-width: 1536px) 100vw, 1536px\" \/><\/a><\/figure><div class=\"elementor-image-box-content\"><p class=\"elementor-image-box-description\">The linen lining is, of course, pink, as requested by my daughter. <\/p><\/div><\/div>\t\t\t\t<\/div>\n\t\t\t\t<\/div>\n\t\t\t\t<div class=\"elementor-element elementor-element-47b7aa6 elementor-position-top elementor-widget elementor-widget-image-box\" data-id=\"47b7aa6\" data-element_type=\"widget\" data-e-type=\"widget\" data-widget_type=\"image-box.default\">\n\t\t\t\t<div class=\"elementor-widget-container\">\n\t\t\t\t\t<div class=\"elementor-image-box-wrapper\"><figure class=\"elementor-image-box-img\"><a href=\"http:\/\/www.ninyamikhaila.com\/gallery\/16-century\/children\/bruegel-girl%20\" target=\"_blank\" tabindex=\"-1\"><img loading=\"lazy\" decoding=\"async\" width=\"1536\" height=\"2048\" src=\"https:\/\/illyriantailor.com\/wp-content\/uploads\/2025\/02\/Zapinani.jpg\" class=\"attachment-full size-full wp-image-5961\" alt=\"\" srcset=\"https:\/\/illyriantailor.com\/wp-content\/uploads\/2025\/02\/Zapinani.jpg 1536w, https:\/\/illyriantailor.com\/wp-content\/uploads\/2025\/02\/Zapinani-225x300.jpg 225w, https:\/\/illyriantailor.com\/wp-content\/uploads\/2025\/02\/Zapinani-768x1024.jpg 768w, https:\/\/illyriantailor.com\/wp-content\/uploads\/2025\/02\/Zapinani-1152x1536.jpg 1152w, https:\/\/illyriantailor.com\/wp-content\/uploads\/2025\/02\/Zapinani-9x12.jpg 9w\" sizes=\"(max-width: 1536px) 100vw, 1536px\" \/><\/a><\/figure><div class=\"elementor-image-box-content\"><p class=\"elementor-image-box-description\">The kirtle fastens with brass hooks. <\/p><\/div><\/div>\t\t\t\t<\/div>\n\t\t\t\t<\/div>\n\t\t\t\t<div class=\"elementor-element elementor-element-ce2de36 elementor-position-top elementor-widget elementor-widget-image-box\" data-id=\"ce2de36\" data-element_type=\"widget\" data-e-type=\"widget\" data-widget_type=\"image-box.default\">\n\t\t\t\t<div class=\"elementor-widget-container\">\n\t\t\t\t\t<div class=\"elementor-image-box-wrapper\"><figure class=\"elementor-image-box-img\"><a href=\"http:\/\/www.ninyamikhaila.com\/gallery\/16-century\/children\/bruegel-girl%20\" target=\"_blank\" tabindex=\"-1\"><img loading=\"lazy\" decoding=\"async\" width=\"1080\" height=\"1620\" src=\"https:\/\/illyriantailor.com\/wp-content\/uploads\/2025\/02\/Kirtle_Pav_Lucistnik.jpg\" class=\"attachment-full size-full wp-image-5965\" alt=\"\" srcset=\"https:\/\/illyriantailor.com\/wp-content\/uploads\/2025\/02\/Kirtle_Pav_Lucistnik.jpg 1080w, https:\/\/illyriantailor.com\/wp-content\/uploads\/2025\/02\/Kirtle_Pav_Lucistnik-200x300.jpg 200w, https:\/\/illyriantailor.com\/wp-content\/uploads\/2025\/02\/Kirtle_Pav_Lucistnik-683x1024.jpg 683w, https:\/\/illyriantailor.com\/wp-content\/uploads\/2025\/02\/Kirtle_Pav_Lucistnik-768x1152.jpg 768w, https:\/\/illyriantailor.com\/wp-content\/uploads\/2025\/02\/Kirtle_Pav_Lucistnik-1024x1536.jpg 1024w, https:\/\/illyriantailor.com\/wp-content\/uploads\/2025\/02\/Kirtle_Pav_Lucistnik-8x12.jpg 8w\" sizes=\"(max-width: 1080px) 100vw, 1080px\" \/><\/a><\/figure><div class=\"elementor-image-box-content\"><p class=\"elementor-image-box-description\">We owe this snapshot from Vysok\u00fd Chlumec to P\u00e1v Lu\u010di\u0161tn\u00edk. I would like to return to the kirtle soon in a separate post and describe the process of sewing it, which is suitable not only for children's kirtles, but also for adults\/women. The kirtle is suitable for the period from 1485 to 1625 for all social classes. <\/p><\/div><\/div>\t\t\t\t<\/div>\n\t\t\t\t<\/div>\n\t\t\t\t<div class=\"elementor-element elementor-element-9fb99db elementor-position-top elementor-widget elementor-widget-image-box\" data-id=\"9fb99db\" data-element_type=\"widget\" data-e-type=\"widget\" data-widget_type=\"image-box.default\">\n\t\t\t\t<div class=\"elementor-widget-container\">\n\t\t\t\t\t<div class=\"elementor-image-box-wrapper\"><figure class=\"elementor-image-box-img\"><a href=\"http:\/\/www.ninyamikhaila.com\/gallery\/16-century\/children\/bruegel-girl%20\" target=\"_blank\" tabindex=\"-1\"><img loading=\"lazy\" decoding=\"async\" width=\"1080\" height=\"1620\" src=\"https:\/\/illyriantailor.com\/wp-content\/uploads\/2025\/10\/PopiskyAJ.jpg\" class=\"attachment-full size-full wp-image-6647\" alt=\"\" srcset=\"https:\/\/illyriantailor.com\/wp-content\/uploads\/2025\/10\/PopiskyAJ.jpg 1080w, https:\/\/illyriantailor.com\/wp-content\/uploads\/2025\/10\/PopiskyAJ-200x300.jpg 200w, https:\/\/illyriantailor.com\/wp-content\/uploads\/2025\/10\/PopiskyAJ-683x1024.jpg 683w, https:\/\/illyriantailor.com\/wp-content\/uploads\/2025\/10\/PopiskyAJ-768x1152.jpg 768w, https:\/\/illyriantailor.com\/wp-content\/uploads\/2025\/10\/PopiskyAJ-1024x1536.jpg 1024w, https:\/\/illyriantailor.com\/wp-content\/uploads\/2025\/10\/PopiskyAJ-8x12.jpg 8w\" sizes=\"(max-width: 1080px) 100vw, 1080px\" \/><\/a><\/figure><div class=\"elementor-image-box-content\"><p class=\"elementor-image-box-description\">And this snapshot is from Honza Dvo\u0159\u00e1k (HD-foto) from the battle at Lomnice (Slov\u011bnice) \u2013 thank you! <\/p><\/div><\/div>\t\t\t\t<\/div>\n\t\t\t\t<\/div>\n\t\t\t\t\t<\/div>\n\t\t<\/div>\n\t\t\t\t\t<\/div>\n\t\t<\/section>\n\t\t\t\t<section class=\"elementor-section elementor-top-section elementor-element elementor-element-aef25e9 elementor-section-boxed elementor-section-height-default elementor-section-height-default\" data-id=\"aef25e9\" data-element_type=\"section\" data-e-type=\"section\">\n\t\t\t\t\t\t<div class=\"elementor-container elementor-column-gap-default\">\n\t\t\t\t\t<div class=\"elementor-column elementor-col-100 elementor-top-column elementor-element elementor-element-fee5533\" data-id=\"fee5533\" data-element_type=\"column\" data-e-type=\"column\">\n\t\t\t<div class=\"elementor-widget-wrap elementor-element-populated\">\n\t\t\t\t\t\t<div class=\"elementor-element elementor-element-cc80564 elementor-widget-divider--view-line elementor-widget elementor-widget-divider\" data-id=\"cc80564\" data-element_type=\"widget\" data-e-type=\"widget\" data-widget_type=\"divider.default\">\n\t\t\t\t<div class=\"elementor-widget-container\">\n\t\t\t\t\t\t\t<div class=\"elementor-divider\">\n\t\t\t<span class=\"elementor-divider-separator\">\n\t\t\t\t\t\t<\/span>\n\t\t<\/div>\n\t\t\t\t\t\t<\/div>\n\t\t\t\t<\/div>\n\t\t\t\t<div class=\"elementor-element elementor-element-76a90c6 elementor-widget elementor-widget-heading\" data-id=\"76a90c6\" data-element_type=\"widget\" data-e-type=\"widget\" data-widget_type=\"heading.default\">\n\t\t\t\t<div class=\"elementor-widget-container\">\n\t\t\t\t\t<h3 class=\"elementor-heading-title elementor-size-default\">Coat \/ warm dress<\/h3>\t\t\t\t<\/div>\n\t\t\t\t<\/div>\n\t\t\t\t\t<\/div>\n\t\t<\/div>\n\t\t\t\t\t<\/div>\n\t\t<\/section>\n\t\t\t\t<section class=\"elementor-section elementor-top-section elementor-element elementor-element-963616a elementor-section-boxed elementor-section-height-default elementor-section-height-default\" data-id=\"963616a\" data-element_type=\"section\" data-e-type=\"section\">\n\t\t\t\t\t\t<div class=\"elementor-container elementor-column-gap-default\">\n\t\t\t\t\t<div class=\"elementor-column elementor-col-100 elementor-top-column elementor-element elementor-element-3bbc291\" data-id=\"3bbc291\" data-element_type=\"column\" data-e-type=\"column\">\n\t\t\t<div class=\"elementor-widget-wrap elementor-element-populated\">\n\t\t\t\t\t\t<div class=\"elementor-element elementor-element-34e4713 elementor-position-top elementor-widget elementor-widget-image-box\" data-id=\"34e4713\" data-element_type=\"widget\" data-e-type=\"widget\" data-widget_type=\"image-box.default\">\n\t\t\t\t<div class=\"elementor-widget-container\">\n\t\t\t\t\t<div class=\"elementor-image-box-wrapper\"><figure class=\"elementor-image-box-img\"><a href=\"http:\/\/www.ninyamikhaila.com\/gallery\/16-century\/children\/bruegel-girl%20\" target=\"_blank\" tabindex=\"-1\"><img loading=\"lazy\" decoding=\"async\" width=\"404\" height=\"204\" src=\"https:\/\/illyriantailor.com\/wp-content\/uploads\/2025\/02\/Kolaz_kabatek.jpg\" class=\"attachment-full size-full wp-image-5972\" alt=\"\" srcset=\"https:\/\/illyriantailor.com\/wp-content\/uploads\/2025\/02\/Kolaz_kabatek.jpg 404w, https:\/\/illyriantailor.com\/wp-content\/uploads\/2025\/02\/Kolaz_kabatek-300x151.jpg 300w, https:\/\/illyriantailor.com\/wp-content\/uploads\/2025\/02\/Kolaz_kabatek-18x9.jpg 18w\" sizes=\"(max-width: 404px) 100vw, 404px\" \/><\/a><\/figure><div class=\"elementor-image-box-content\"><p class=\"elementor-image-box-description\">As a second layer, warm enough for colder weather, I chose an outer dress, or rather a warmer coat. Knowing that our daughter loves dresses, I couldn't have sewn anything better. It was practical for several reasons: dresses\/coats are easy to sew and our daughter can wear them over a shirt and petticoat\/kirtle, giving her a very warm layer for winter. To her delight, I decided to use fabric that was really enough for a very gathered skirt, so she has really gathered pleats that she can twirl around all day long. (This is probably one of the greatest joys for little girls.) The picture above is again a photo of a girl in a costume from the workshop of N. Mikhaila, whose detailed instructions can be found in the publication The Tudor Child: Clothing and Culture 1485 to 1625. <\/p><\/div><\/div>\t\t\t\t<\/div>\n\t\t\t\t<\/div>\n\t\t\t\t<div class=\"elementor-element elementor-element-d767fbb elementor-position-top elementor-widget elementor-widget-image-box\" data-id=\"d767fbb\" data-element_type=\"widget\" data-e-type=\"widget\" data-widget_type=\"image-box.default\">\n\t\t\t\t<div class=\"elementor-widget-container\">\n\t\t\t\t\t<div class=\"elementor-image-box-wrapper\"><figure class=\"elementor-image-box-img\"><img loading=\"lazy\" decoding=\"async\" width=\"1500\" height=\"2000\" src=\"https:\/\/illyriantailor.com\/wp-content\/uploads\/2025\/02\/Kabatek_detail.jpg\" class=\"attachment-full size-full wp-image-5992\" alt=\"\" srcset=\"https:\/\/illyriantailor.com\/wp-content\/uploads\/2025\/02\/Kabatek_detail.jpg 1500w, https:\/\/illyriantailor.com\/wp-content\/uploads\/2025\/02\/Kabatek_detail-225x300.jpg 225w, https:\/\/illyriantailor.com\/wp-content\/uploads\/2025\/02\/Kabatek_detail-768x1024.jpg 768w, https:\/\/illyriantailor.com\/wp-content\/uploads\/2025\/02\/Kabatek_detail-1152x1536.jpg 1152w, https:\/\/illyriantailor.com\/wp-content\/uploads\/2025\/02\/Kabatek_detail-9x12.jpg 9w\" sizes=\"(max-width: 1500px) 100vw, 1500px\" \/><\/figure><div class=\"elementor-image-box-content\"><p class=\"elementor-image-box-description\">The coat is made of heavier, coarser wool. It is fully lined with light blue-gray linen. <\/p><\/div><\/div>\t\t\t\t<\/div>\n\t\t\t\t<\/div>\n\t\t\t\t<div class=\"elementor-element elementor-element-5c685f9 elementor-position-top elementor-widget elementor-widget-image-box\" data-id=\"5c685f9\" data-element_type=\"widget\" data-e-type=\"widget\" data-widget_type=\"image-box.default\">\n\t\t\t\t<div class=\"elementor-widget-container\">\n\t\t\t\t\t<div class=\"elementor-image-box-wrapper\"><figure class=\"elementor-image-box-img\"><img loading=\"lazy\" decoding=\"async\" width=\"1493\" height=\"1342\" src=\"https:\/\/illyriantailor.com\/wp-content\/uploads\/2025\/02\/Kabatek_Libusin_orez.jpg\" class=\"attachment-full size-full wp-image-5984\" alt=\"\" srcset=\"https:\/\/illyriantailor.com\/wp-content\/uploads\/2025\/02\/Kabatek_Libusin_orez.jpg 1493w, https:\/\/illyriantailor.com\/wp-content\/uploads\/2025\/02\/Kabatek_Libusin_orez-300x270.jpg 300w, https:\/\/illyriantailor.com\/wp-content\/uploads\/2025\/02\/Kabatek_Libusin_orez-1024x920.jpg 1024w, https:\/\/illyriantailor.com\/wp-content\/uploads\/2025\/02\/Kabatek_Libusin_orez-768x690.jpg 768w, https:\/\/illyriantailor.com\/wp-content\/uploads\/2025\/02\/Kabatek_Libusin_orez-13x12.jpg 13w\" sizes=\"(max-width: 1493px) 100vw, 1493px\" \/><\/figure><div class=\"elementor-image-box-content\"><p class=\"elementor-image-box-description\">We wore the coat for the first time at the Libu\u0161\u00edn battle, where it was sufficient without undergarments. With spring just beginning, it was the best choice. Since we were all dressed in late 15th century attire for the Libu\u0161\u00edn battle, and these dress\/coat is suitable for the period from 1485 to 1625, we were able to use it for this event as well. According to N. Mikhaila, the pattern is suitable for all social classes except the elite during this period. <\/p><\/div><\/div>\t\t\t\t<\/div>\n\t\t\t\t<\/div>\n\t\t\t\t<div class=\"elementor-element elementor-element-9a2f87b elementor-position-top elementor-widget elementor-widget-image-box\" data-id=\"9a2f87b\" data-element_type=\"widget\" data-e-type=\"widget\" data-widget_type=\"image-box.default\">\n\t\t\t\t<div class=\"elementor-widget-container\">\n\t\t\t\t\t<div class=\"elementor-image-box-wrapper\"><figure class=\"elementor-image-box-img\"><img loading=\"lazy\" decoding=\"async\" width=\"1500\" height=\"2000\" src=\"https:\/\/illyriantailor.com\/wp-content\/uploads\/2025\/02\/Kabatek_zezadu.jpg\" class=\"attachment-full size-full wp-image-5988\" alt=\"\" srcset=\"https:\/\/illyriantailor.com\/wp-content\/uploads\/2025\/02\/Kabatek_zezadu.jpg 1500w, https:\/\/illyriantailor.com\/wp-content\/uploads\/2025\/02\/Kabatek_zezadu-225x300.jpg 225w, https:\/\/illyriantailor.com\/wp-content\/uploads\/2025\/02\/Kabatek_zezadu-768x1024.jpg 768w, https:\/\/illyriantailor.com\/wp-content\/uploads\/2025\/02\/Kabatek_zezadu-1152x1536.jpg 1152w, https:\/\/illyriantailor.com\/wp-content\/uploads\/2025\/02\/Kabatek_zezadu-9x12.jpg 9w\" sizes=\"(max-width: 1500px) 100vw, 1500px\" \/><\/figure><div class=\"elementor-image-box-content\"><p class=\"elementor-image-box-description\">When making this dress, I tried for the first time the laborious task of sewing a densely pleated skirt onto the bodice. The result is beautiful, fully functional, and comfortable, which every parent will appreciate when it comes to children's costumes. <\/p><\/div><\/div>\t\t\t\t<\/div>\n\t\t\t\t<\/div>\n\t\t\t\t<div class=\"elementor-element elementor-element-3ab2258 elementor-position-top elementor-widget elementor-widget-image-box\" data-id=\"3ab2258\" data-element_type=\"widget\" data-e-type=\"widget\" data-widget_type=\"image-box.default\">\n\t\t\t\t<div class=\"elementor-widget-container\">\n\t\t\t\t\t<div class=\"elementor-image-box-wrapper\"><figure class=\"elementor-image-box-img\"><img loading=\"lazy\" decoding=\"async\" width=\"1500\" height=\"2000\" src=\"https:\/\/illyriantailor.com\/wp-content\/uploads\/2025\/02\/Kabatek.jpg\" class=\"attachment-full size-full wp-image-5976\" alt=\"\" srcset=\"https:\/\/illyriantailor.com\/wp-content\/uploads\/2025\/02\/Kabatek.jpg 1500w, https:\/\/illyriantailor.com\/wp-content\/uploads\/2025\/02\/Kabatek-225x300.jpg 225w, https:\/\/illyriantailor.com\/wp-content\/uploads\/2025\/02\/Kabatek-768x1024.jpg 768w, https:\/\/illyriantailor.com\/wp-content\/uploads\/2025\/02\/Kabatek-1152x1536.jpg 1152w, https:\/\/illyriantailor.com\/wp-content\/uploads\/2025\/02\/Kabatek-9x12.jpg 9w\" sizes=\"(max-width: 1500px) 100vw, 1500px\" \/><\/figure><div class=\"elementor-image-box-content\"><p class=\"elementor-image-box-description\">The coat was made with plenty of material for growing in the sleeves and overall length, and has already been lengthened since it was sewn to the maximum sleeve length. The width is always slightly larger at the beginning of all my costumes, as I know that children grow really fast and I try to do the first enlargement, i.e. lengthening and loosening, only after about two years. Therefore, the coat was a little looser at the beginning of wear, but the pattern itself is also supposed to be like that so that the young lady can squeeze into all the other layers underneath.<\/p><\/div><\/div>\t\t\t\t<\/div>\n\t\t\t\t<\/div>\n\t\t\t\t<div class=\"elementor-element elementor-element-9e404aa elementor-position-top elementor-widget elementor-widget-image-box\" data-id=\"9e404aa\" data-element_type=\"widget\" data-e-type=\"widget\" data-widget_type=\"image-box.default\">\n\t\t\t\t<div class=\"elementor-widget-container\">\n\t\t\t\t\t<div class=\"elementor-image-box-wrapper\"><figure class=\"elementor-image-box-img\"><img loading=\"lazy\" decoding=\"async\" width=\"1500\" height=\"2000\" src=\"https:\/\/illyriantailor.com\/wp-content\/uploads\/2025\/02\/Kabetek_zapinani.jpg\" class=\"attachment-full size-full wp-image-5996\" alt=\"\" srcset=\"https:\/\/illyriantailor.com\/wp-content\/uploads\/2025\/02\/Kabetek_zapinani.jpg 1500w, https:\/\/illyriantailor.com\/wp-content\/uploads\/2025\/02\/Kabetek_zapinani-225x300.jpg 225w, https:\/\/illyriantailor.com\/wp-content\/uploads\/2025\/02\/Kabetek_zapinani-768x1024.jpg 768w, https:\/\/illyriantailor.com\/wp-content\/uploads\/2025\/02\/Kabetek_zapinani-1152x1536.jpg 1152w, https:\/\/illyriantailor.com\/wp-content\/uploads\/2025\/02\/Kabetek_zapinani-9x12.jpg 9w\" sizes=\"(max-width: 1500px) 100vw, 1500px\" \/><\/figure><div class=\"elementor-image-box-content\"><p class=\"elementor-image-box-description\">The coat fastens with brass hooks, and I will soon be preparing a more detailed tutorial on its overall creation from the abundant photographic material. <\/p><\/div><\/div>\t\t\t\t<\/div>\n\t\t\t\t<\/div>\n\t\t\t\t<div class=\"elementor-element elementor-element-b015157 elementor-widget-divider--view-line elementor-widget elementor-widget-divider\" data-id=\"b015157\" data-element_type=\"widget\" data-e-type=\"widget\" data-widget_type=\"divider.default\">\n\t\t\t\t<div class=\"elementor-widget-container\">\n\t\t\t\t\t\t\t<div class=\"elementor-divider\">\n\t\t\t<span class=\"elementor-divider-separator\">\n\t\t\t\t\t\t<\/span>\n\t\t<\/div>\n\t\t\t\t\t\t<\/div>\n\t\t\t\t<\/div>\n\t\t\t\t\t<\/div>\n\t\t<\/div>\n\t\t\t\t\t<\/div>\n\t\t<\/section>\n\t\t\t\t<section class=\"elementor-section elementor-top-section elementor-element elementor-element-29a71eb elementor-section-boxed elementor-section-height-default elementor-section-height-default\" data-id=\"29a71eb\" data-element_type=\"section\" data-e-type=\"section\">\n\t\t\t\t\t\t<div class=\"elementor-container elementor-column-gap-default\">\n\t\t\t\t\t<div class=\"elementor-column elementor-col-100 elementor-top-column elementor-element elementor-element-17102b5\" data-id=\"17102b5\" data-element_type=\"column\" data-e-type=\"column\">\n\t\t\t<div class=\"elementor-widget-wrap elementor-element-populated\">\n\t\t\t\t\t\t<div class=\"elementor-element elementor-element-0b5c40b elementor-widget elementor-widget-heading\" data-id=\"0b5c40b\" data-element_type=\"widget\" data-e-type=\"widget\" data-widget_type=\"heading.default\">\n\t\t\t\t<div class=\"elementor-widget-container\">\n\t\t\t\t\t<h3 class=\"elementor-heading-title elementor-size-default\">Headwear<\/h3>\t\t\t\t<\/div>\n\t\t\t\t<\/div>\n\t\t\t\t<div class=\"elementor-element elementor-element-10db27a elementor-widget-divider--view-line elementor-widget elementor-widget-divider\" data-id=\"10db27a\" data-element_type=\"widget\" data-e-type=\"widget\" data-widget_type=\"divider.default\">\n\t\t\t\t<div class=\"elementor-widget-container\">\n\t\t\t\t\t\t\t<div class=\"elementor-divider\">\n\t\t\t<span class=\"elementor-divider-separator\">\n\t\t\t\t\t\t<\/span>\n\t\t<\/div>\n\t\t\t\t\t\t<\/div>\n\t\t\t\t<\/div>\n\t\t\t\t<div class=\"elementor-element elementor-element-fa5410e elementor-position-top elementor-widget elementor-widget-image-box\" data-id=\"fa5410e\" data-element_type=\"widget\" data-e-type=\"widget\" data-widget_type=\"image-box.default\">\n\t\t\t\t<div class=\"elementor-widget-container\">\n\t\t\t\t\t<div class=\"elementor-image-box-wrapper\"><figure class=\"elementor-image-box-img\"><a href=\"http:\/\/www.ninyamikhaila.com\/gallery\/16-century\/children\/bruegel-girl%20\" target=\"_blank\" tabindex=\"-1\"><img loading=\"lazy\" decoding=\"async\" width=\"1500\" height=\"2000\" src=\"https:\/\/illyriantailor.com\/wp-content\/uploads\/2025\/02\/Cepce.jpg\" class=\"attachment-full size-full wp-image-6015\" alt=\"\" srcset=\"https:\/\/illyriantailor.com\/wp-content\/uploads\/2025\/02\/Cepce.jpg 1500w, https:\/\/illyriantailor.com\/wp-content\/uploads\/2025\/02\/Cepce-225x300.jpg 225w, https:\/\/illyriantailor.com\/wp-content\/uploads\/2025\/02\/Cepce-768x1024.jpg 768w, https:\/\/illyriantailor.com\/wp-content\/uploads\/2025\/02\/Cepce-1152x1536.jpg 1152w, https:\/\/illyriantailor.com\/wp-content\/uploads\/2025\/02\/Cepce-9x12.jpg 9w\" sizes=\"(max-width: 1500px) 100vw, 1500px\" \/><\/a><\/figure><div class=\"elementor-image-box-content\"><p class=\"elementor-image-box-description\">From toddlerhood, both of our children wore coifs as their basic headwear. I sewed countless coifs for myself, my children, and my husband (to go with his 15th-century costume). When the children were small, it was the only thing that stayed on their heads, thanks to the ties (they threw everything else off). The coif is very simple in design, and I believe that even the most novice reenactor can make it. For more information on women's coifs and patterns, I refer you to my older article below.<\/p><\/div><\/div>\t\t\t\t<\/div>\n\t\t\t\t<\/div>\n\t\t\t\t<div class=\"elementor-element elementor-element-a50e898 elementor-position-top elementor-widget elementor-widget-image-box\" data-id=\"a50e898\" data-element_type=\"widget\" data-e-type=\"widget\" data-widget_type=\"image-box.default\">\n\t\t\t\t<div class=\"elementor-widget-container\">\n\t\t\t\t\t<div class=\"elementor-image-box-wrapper\"><figure class=\"elementor-image-box-img\"><a href=\"http:\/\/www.ninyamikhaila.com\/gallery\/16-century\/children\/bruegel-girl%20\" target=\"_blank\" tabindex=\"-1\"><img loading=\"lazy\" decoding=\"async\" width=\"1239\" height=\"2048\" src=\"https:\/\/illyriantailor.com\/wp-content\/uploads\/2025\/02\/Lada_buben.jpg\" class=\"attachment-full size-full wp-image-6024\" alt=\"\" srcset=\"https:\/\/illyriantailor.com\/wp-content\/uploads\/2025\/02\/Lada_buben.jpg 1239w, https:\/\/illyriantailor.com\/wp-content\/uploads\/2025\/02\/Lada_buben-181x300.jpg 181w, https:\/\/illyriantailor.com\/wp-content\/uploads\/2025\/02\/Lada_buben-620x1024.jpg 620w, https:\/\/illyriantailor.com\/wp-content\/uploads\/2025\/02\/Lada_buben-768x1269.jpg 768w, https:\/\/illyriantailor.com\/wp-content\/uploads\/2025\/02\/Lada_buben-929x1536.jpg 929w, https:\/\/illyriantailor.com\/wp-content\/uploads\/2025\/02\/Lada_buben-7x12.jpg 7w\" sizes=\"(max-width: 1239px) 100vw, 1239px\" \/><\/a><\/figure><div class=\"elementor-image-box-content\"><p class=\"elementor-image-box-description\">In general, I think that the youngest reenactors should choose their own headgear so that there is at least some certainty that they will wear it. Our children always wore coifs when I wore mine, which was all the time, as I never really take it off. Under the coif, I braided my daughter's hair in a period hairstyle \u2013 braids wrapped around her head\/taping hair. <\/p><\/div><\/div>\t\t\t\t<\/div>\n\t\t\t\t<\/div>\n\t\t\t\t<div class=\"elementor-element elementor-element-0ad84aa elementor-widget elementor-widget-image\" data-id=\"0ad84aa\" data-element_type=\"widget\" data-e-type=\"widget\" data-widget_type=\"image.default\">\n\t\t\t\t<div class=\"elementor-widget-container\">\n\t\t\t\t\t\t\t\t\t\t\t\t\t\t\t<img loading=\"lazy\" decoding=\"async\" width=\"768\" height=\"960\" src=\"https:\/\/illyriantailor.com\/wp-content\/uploads\/2025\/02\/Tapping_hair_Lada-768x960.jpg\" class=\"attachment-medium_large size-medium_large wp-image-6019\" alt=\"\" srcset=\"https:\/\/illyriantailor.com\/wp-content\/uploads\/2025\/02\/Tapping_hair_Lada-768x960.jpg 768w, https:\/\/illyriantailor.com\/wp-content\/uploads\/2025\/02\/Tapping_hair_Lada-240x300.jpg 240w, https:\/\/illyriantailor.com\/wp-content\/uploads\/2025\/02\/Tapping_hair_Lada-819x1024.jpg 819w, https:\/\/illyriantailor.com\/wp-content\/uploads\/2025\/02\/Tapping_hair_Lada-10x12.jpg 10w, https:\/\/illyriantailor.com\/wp-content\/uploads\/2025\/02\/Tapping_hair_Lada.jpg 1080w\" sizes=\"(max-width: 768px) 100vw, 768px\" \/>\t\t\t\t\t\t\t\t\t\t\t\t\t\t\t<\/div>\n\t\t\t\t<\/div>\n\t\t\t\t\t<\/div>\n\t\t<\/div>\n\t\t\t\t\t<\/div>\n\t\t<\/section>\n\t\t\t\t<section class=\"elementor-section elementor-top-section elementor-element elementor-element-adac8d7 elementor-section-boxed elementor-section-height-default elementor-section-height-default\" data-id=\"adac8d7\" data-element_type=\"section\" data-e-type=\"section\">\n\t\t\t\t\t\t<div class=\"elementor-container elementor-column-gap-default\">\n\t\t\t\t\t<div class=\"elementor-column elementor-col-100 elementor-top-column elementor-element elementor-element-88f8e5a\" data-id=\"88f8e5a\" data-element_type=\"column\" data-e-type=\"column\">\n\t\t\t<div class=\"elementor-widget-wrap elementor-element-populated\">\n\t\t\t\t\t\t<div class=\"elementor-element elementor-element-329dcb8 elementor-widget elementor-widget-text-editor\" data-id=\"329dcb8\" data-element_type=\"widget\" data-e-type=\"widget\" data-widget_type=\"text-editor.default\">\n\t\t\t\t<div class=\"elementor-widget-container\">\n\t\t\t\t\t\t\t\t\t<p>Thanks to her hairstyle, my daughter could also have a completely period-appropriate look even without any head covering. I wrote about this hairstyle and various types of coifs in the above-mentioned post about <a href=\"https:\/\/illyriantailor.com\/english\/2020\/02\/29\/cepec-forehead-hairtaping\/\" target=\"_blank\" rel=\"noopener\"><b>coifs and how to wear them.<\/b><\/a>.<\/p>\t\t\t\t\t\t\t\t<\/div>\n\t\t\t\t<\/div>\n\t\t\t\t<div class=\"elementor-element elementor-element-01a4d46 elementor-position-top elementor-widget elementor-widget-image-box\" data-id=\"01a4d46\" data-element_type=\"widget\" data-e-type=\"widget\" data-widget_type=\"image-box.default\">\n\t\t\t\t<div class=\"elementor-widget-container\">\n\t\t\t\t\t<div class=\"elementor-image-box-wrapper\"><figure class=\"elementor-image-box-img\"><a href=\"http:\/\/www.ninyamikhaila.com\/gallery\/16-century\/children\/bruegel-girl%20\" target=\"_blank\" tabindex=\"-1\"><img loading=\"lazy\" decoding=\"async\" width=\"1012\" height=\"1467\" src=\"https:\/\/illyriantailor.com\/wp-content\/uploads\/2025\/02\/Pecka_Lada_ja.jpg\" class=\"attachment-full size-full wp-image-6032\" alt=\"\" srcset=\"https:\/\/illyriantailor.com\/wp-content\/uploads\/2025\/02\/Pecka_Lada_ja.jpg 1012w, https:\/\/illyriantailor.com\/wp-content\/uploads\/2025\/02\/Pecka_Lada_ja-207x300.jpg 207w, https:\/\/illyriantailor.com\/wp-content\/uploads\/2025\/02\/Pecka_Lada_ja-706x1024.jpg 706w, https:\/\/illyriantailor.com\/wp-content\/uploads\/2025\/02\/Pecka_Lada_ja-768x1113.jpg 768w, https:\/\/illyriantailor.com\/wp-content\/uploads\/2025\/02\/Pecka_Lada_ja-8x12.jpg 8w\" sizes=\"(max-width: 1012px) 100vw, 1012px\" \/><\/a><\/figure><div class=\"elementor-image-box-content\"><p class=\"elementor-image-box-description\">We would like to thank my mom for this photo from Pecka castle. <\/p><\/div><\/div>\t\t\t\t<\/div>\n\t\t\t\t<\/div>\n\t\t\t\t<div class=\"elementor-element elementor-element-ee0472e elementor-position-top elementor-widget elementor-widget-image-box\" data-id=\"ee0472e\" data-element_type=\"widget\" data-e-type=\"widget\" data-widget_type=\"image-box.default\">\n\t\t\t\t<div class=\"elementor-widget-container\">\n\t\t\t\t\t<div class=\"elementor-image-box-wrapper\"><figure class=\"elementor-image-box-img\"><a href=\"http:\/\/www.ninyamikhaila.com\/gallery\/16-century\/children\/bruegel-girl%20\" target=\"_blank\" tabindex=\"-1\"><img loading=\"lazy\" decoding=\"async\" width=\"1200\" height=\"1600\" src=\"https:\/\/illyriantailor.com\/wp-content\/uploads\/2025\/02\/Skanzen_Lada_ja.jpg\" class=\"attachment-full size-full wp-image-6036\" alt=\"\" srcset=\"https:\/\/illyriantailor.com\/wp-content\/uploads\/2025\/02\/Skanzen_Lada_ja.jpg 1200w, https:\/\/illyriantailor.com\/wp-content\/uploads\/2025\/02\/Skanzen_Lada_ja-225x300.jpg 225w, https:\/\/illyriantailor.com\/wp-content\/uploads\/2025\/02\/Skanzen_Lada_ja-768x1024.jpg 768w, https:\/\/illyriantailor.com\/wp-content\/uploads\/2025\/02\/Skanzen_Lada_ja-1152x1536.jpg 1152w, https:\/\/illyriantailor.com\/wp-content\/uploads\/2025\/02\/Skanzen_Lada_ja-9x12.jpg 9w\" sizes=\"(max-width: 1200px) 100vw, 1200px\" \/><\/a><\/figure><div class=\"elementor-image-box-content\"><p class=\"elementor-image-box-description\">This hairstyle works well on little girls with medium-length hair as well. If the little lady can sit still for a moment, you can easily create a twisted braid using a single long strand. I have fond memories of this event \u2013 Soldiers in the Village \u2013 an event with the historical group Die Kompanie and Danar at the open-air museum in Vysok\u00fd Chlumec. <\/p><\/div><\/div>\t\t\t\t<\/div>\n\t\t\t\t<\/div>\n\t\t\t\t<div class=\"elementor-element elementor-element-55a772a elementor-position-top elementor-widget elementor-widget-image-box\" data-id=\"55a772a\" data-element_type=\"widget\" data-e-type=\"widget\" data-widget_type=\"image-box.default\">\n\t\t\t\t<div class=\"elementor-widget-container\">\n\t\t\t\t\t<div class=\"elementor-image-box-wrapper\"><figure class=\"elementor-image-box-img\"><a href=\"http:\/\/www.ninyamikhaila.com\/gallery\/16-century\/children\/bruegel-girl%20\" target=\"_blank\" tabindex=\"-1\"><img loading=\"lazy\" decoding=\"async\" width=\"1500\" height=\"2000\" src=\"https:\/\/illyriantailor.com\/wp-content\/uploads\/2025\/02\/Tapping_hair.jpg\" class=\"attachment-full size-full wp-image-6040\" alt=\"\" srcset=\"https:\/\/illyriantailor.com\/wp-content\/uploads\/2025\/02\/Tapping_hair.jpg 1500w, https:\/\/illyriantailor.com\/wp-content\/uploads\/2025\/02\/Tapping_hair-225x300.jpg 225w, https:\/\/illyriantailor.com\/wp-content\/uploads\/2025\/02\/Tapping_hair-768x1024.jpg 768w, https:\/\/illyriantailor.com\/wp-content\/uploads\/2025\/02\/Tapping_hair-1152x1536.jpg 1152w, https:\/\/illyriantailor.com\/wp-content\/uploads\/2025\/02\/Tapping_hair-9x12.jpg 9w\" sizes=\"(max-width: 1500px) 100vw, 1500px\" \/><\/a><\/figure><div class=\"elementor-image-box-content\"><p class=\"elementor-image-box-description\">When my daughter's first hair grew and I tried to braid it before an event, it looked like this. With each subsequent braiding and practice, the braids become tighter and neater (provided that the child stays still during braiding). So that you don't have to read an article about coifs and period hairstyles, I will try to describe the process very briefly in bullet points: \n<br>\n<br>\n<b>1)<\/b> I comb the hair into two halves on the left and right sides and get ready to braid two pigtails \u00e0 la Pippi Longstocking.<br><br><b>2)<\/b> I take a string about 1 m long and braid it into a single braid halfway along its length \u2013 when braiding, I treat it as a piece of hair (one end of the string hangs down).<br><br><b>3)<\/b> At the end of the braid, I wrap the string around the end of the braid and tie it in a knot to secure the braid.<br><br><b>4)<\/b> I repeat that on the other side, with the second braid.<br><br><b>5)<\/b> I lift up the ends of the braids, where the string should hang below the knots, wrap them around the ears and tie them around the head.<br><br><b>6) <\/b>For a firmer hairstyle, the ends of the strings can be wrapped around each braid before tying, threading the string through several places at the roots of the hair.<\/p><\/div><\/div>\t\t\t\t<\/div>\n\t\t\t\t<\/div>\n\t\t\t\t<div class=\"elementor-element elementor-element-394bea3 elementor-position-top elementor-widget elementor-widget-image-box\" data-id=\"394bea3\" data-element_type=\"widget\" data-e-type=\"widget\" data-widget_type=\"image-box.default\">\n\t\t\t\t<div class=\"elementor-widget-container\">\n\t\t\t\t\t<div class=\"elementor-image-box-wrapper\"><figure class=\"elementor-image-box-img\"><a href=\"http:\/\/www.ninyamikhaila.com\/gallery\/16-century\/children\/bruegel-girl%20\" target=\"_blank\" tabindex=\"-1\"><img loading=\"lazy\" decoding=\"async\" width=\"1080\" height=\"1350\" src=\"https:\/\/illyriantailor.com\/wp-content\/uploads\/2025\/02\/322368846_1927039537644712_6339664411297363570_n.jpg\" class=\"attachment-full size-full wp-image-6056\" alt=\"\" srcset=\"https:\/\/illyriantailor.com\/wp-content\/uploads\/2025\/02\/322368846_1927039537644712_6339664411297363570_n.jpg 1080w, https:\/\/illyriantailor.com\/wp-content\/uploads\/2025\/02\/322368846_1927039537644712_6339664411297363570_n-240x300.jpg 240w, https:\/\/illyriantailor.com\/wp-content\/uploads\/2025\/02\/322368846_1927039537644712_6339664411297363570_n-819x1024.jpg 819w, https:\/\/illyriantailor.com\/wp-content\/uploads\/2025\/02\/322368846_1927039537644712_6339664411297363570_n-768x960.jpg 768w, https:\/\/illyriantailor.com\/wp-content\/uploads\/2025\/02\/322368846_1927039537644712_6339664411297363570_n-10x12.jpg 10w\" sizes=\"(max-width: 1080px) 100vw, 1080px\" \/><\/a><\/figure><div class=\"elementor-image-box-content\"><p class=\"elementor-image-box-description\">My daughter's favorite headwear was initially a bonnet, which I sewed for my son after much hesitation. I hesitated to sew it because it no longer fits into the Czech environment, but when we used it, we got the look of a little Tudor girl, which would not have been theoretically impossible in the Czech lands at that time, so I sewed the beret because of my great fondness for this nice head accessory. Once again, the inspiration comes from none other than Bruegel's work Children's Games, where we find abundant depictions of bonnets on children's heads. <\/p><\/div><\/div>\t\t\t\t<\/div>\n\t\t\t\t<\/div>\n\t\t\t\t<div class=\"elementor-element elementor-element-1e66222 elementor-position-top elementor-widget elementor-widget-image-box\" data-id=\"1e66222\" data-element_type=\"widget\" data-e-type=\"widget\" data-widget_type=\"image-box.default\">\n\t\t\t\t<div class=\"elementor-widget-container\">\n\t\t\t\t\t<div class=\"elementor-image-box-wrapper\"><figure class=\"elementor-image-box-img\"><a href=\"http:\/\/www.ninyamikhaila.com\/gallery\/16-century\/children\/bruegel-girl%20\" target=\"_blank\" tabindex=\"-1\"><img loading=\"lazy\" decoding=\"async\" width=\"720\" height=\"960\" src=\"https:\/\/illyriantailor.com\/wp-content\/uploads\/2025\/02\/Chlumec_baret_Lada_Shlomo.jpg\" class=\"attachment-full size-full wp-image-6060\" alt=\"\" srcset=\"https:\/\/illyriantailor.com\/wp-content\/uploads\/2025\/02\/Chlumec_baret_Lada_Shlomo.jpg 720w, https:\/\/illyriantailor.com\/wp-content\/uploads\/2025\/02\/Chlumec_baret_Lada_Shlomo-225x300.jpg 225w, https:\/\/illyriantailor.com\/wp-content\/uploads\/2025\/02\/Chlumec_baret_Lada_Shlomo-9x12.jpg 9w\" sizes=\"(max-width: 720px) 100vw, 720px\" \/><\/a><\/figure><div class=\"elementor-image-box-content\"><p class=\"elementor-image-box-description\">It proved particularly useful in the rain, when it really protected the head well \u2013 it is sewn from warm wool and lined with linen. I am planning to create a tutorial for it, so hopefully you will find it on the blog soon. \n<\/p><\/div><\/div>\t\t\t\t<\/div>\n\t\t\t\t<\/div>\n\t\t\t\t<div class=\"elementor-element elementor-element-97d043e elementor-position-top elementor-widget elementor-widget-image-box\" data-id=\"97d043e\" data-element_type=\"widget\" data-e-type=\"widget\" data-widget_type=\"image-box.default\">\n\t\t\t\t<div class=\"elementor-widget-container\">\n\t\t\t\t\t<div class=\"elementor-image-box-wrapper\"><figure class=\"elementor-image-box-img\"><a href=\"http:\/\/www.ninyamikhaila.com\/gallery\/16-century\/children\/bruegel-girl%20\" target=\"_blank\" tabindex=\"-1\"><img loading=\"lazy\" decoding=\"async\" width=\"670\" height=\"1221\" src=\"https:\/\/illyriantailor.com\/wp-content\/uploads\/2025\/02\/Chlumec_baret_detail.jpg\" class=\"attachment-full size-full wp-image-6064\" alt=\"\" srcset=\"https:\/\/illyriantailor.com\/wp-content\/uploads\/2025\/02\/Chlumec_baret_detail.jpg 670w, https:\/\/illyriantailor.com\/wp-content\/uploads\/2025\/02\/Chlumec_baret_detail-165x300.jpg 165w, https:\/\/illyriantailor.com\/wp-content\/uploads\/2025\/02\/Chlumec_baret_detail-562x1024.jpg 562w, https:\/\/illyriantailor.com\/wp-content\/uploads\/2025\/02\/Chlumec_baret_detail-7x12.jpg 7w\" sizes=\"(max-width: 670px) 100vw, 670px\" \/><\/a><\/figure><div class=\"elementor-image-box-content\"><p class=\"elementor-image-box-description\">The bonnet is warm and can be worn over a coif, providing double protection from the cold, which works very well in strong winds and cold weather, especially because the coifs also covers the child's ears.\n\n<\/p><\/div><\/div>\t\t\t\t<\/div>\n\t\t\t\t<\/div>\n\t\t\t\t<div class=\"elementor-element elementor-element-f3345d5 elementor-position-top elementor-widget elementor-widget-image-box\" data-id=\"f3345d5\" data-element_type=\"widget\" data-e-type=\"widget\" data-widget_type=\"image-box.default\">\n\t\t\t\t<div class=\"elementor-widget-container\">\n\t\t\t\t\t<div class=\"elementor-image-box-wrapper\"><figure class=\"elementor-image-box-img\"><a href=\"http:\/\/www.ninyamikhaila.com\/gallery\/16-century\/children\/bruegel-girl%20\" target=\"_blank\" tabindex=\"-1\"><img loading=\"lazy\" decoding=\"async\" width=\"961\" height=\"1313\" src=\"https:\/\/illyriantailor.com\/wp-content\/uploads\/2025\/02\/Lada_klobouk.jpg\" class=\"attachment-full size-full wp-image-6068\" alt=\"\" srcset=\"https:\/\/illyriantailor.com\/wp-content\/uploads\/2025\/02\/Lada_klobouk.jpg 961w, https:\/\/illyriantailor.com\/wp-content\/uploads\/2025\/02\/Lada_klobouk-220x300.jpg 220w, https:\/\/illyriantailor.com\/wp-content\/uploads\/2025\/02\/Lada_klobouk-749x1024.jpg 749w, https:\/\/illyriantailor.com\/wp-content\/uploads\/2025\/02\/Lada_klobouk-768x1049.jpg 768w, https:\/\/illyriantailor.com\/wp-content\/uploads\/2025\/02\/Lada_klobouk-9x12.jpg 9w\" sizes=\"(max-width: 961px) 100vw, 961px\" \/><\/a><\/figure><div class=\"elementor-image-box-content\"><p class=\"elementor-image-box-description\">Just like my son, my daughter loves hats, and this one is currently her favorite. She borrowed it from me, and I'm afraid it's been confiscated permanently. The hat is smaller, and I bought it in Grolle, Holland. It has a popular period pointed shape, and the advantage is that it has strings for tying. I used to tie it at the back of my head, but I tie it under my daughter's neck so that it doesn't fly off. It's a handy trick for children's hats. The hat is decorated with a silk ribbon, which I also bought at a stall in Grolle, and its small floral embroidery apparently caught my daughter's attention. Although I will probably have to buy a new hat, I am glad that my daughter wears it\u2014there is no better headgear for rain and winter, and it is also a universal size (she will soon outgrow the bonnet).\n\n<\/p><\/div><\/div>\t\t\t\t<\/div>\n\t\t\t\t<\/div>\n\t\t\t\t<div class=\"elementor-element elementor-element-66d7781 elementor-position-top elementor-widget elementor-widget-image-box\" data-id=\"66d7781\" data-element_type=\"widget\" data-e-type=\"widget\" data-widget_type=\"image-box.default\">\n\t\t\t\t<div class=\"elementor-widget-container\">\n\t\t\t\t\t<div class=\"elementor-image-box-wrapper\"><figure class=\"elementor-image-box-img\"><img loading=\"lazy\" decoding=\"async\" width=\"755\" height=\"1133\" src=\"https:\/\/illyriantailor.com\/wp-content\/uploads\/2025\/02\/Detail_cepec_Rakovnik.jpg\" class=\"attachment-full size-full wp-image-6072\" alt=\"\" srcset=\"https:\/\/illyriantailor.com\/wp-content\/uploads\/2025\/02\/Detail_cepec_Rakovnik.jpg 755w, https:\/\/illyriantailor.com\/wp-content\/uploads\/2025\/02\/Detail_cepec_Rakovnik-200x300.jpg 200w, https:\/\/illyriantailor.com\/wp-content\/uploads\/2025\/02\/Detail_cepec_Rakovnik-682x1024.jpg 682w, https:\/\/illyriantailor.com\/wp-content\/uploads\/2025\/02\/Detail_cepec_Rakovnik-8x12.jpg 8w\" sizes=\"(max-width: 755px) 100vw, 755px\" \/><\/figure><div class=\"elementor-image-box-content\"><p class=\"elementor-image-box-description\">Since my daughter likes everything her mother wears, she also likes my coifs, of which I have several, and whose designs I also wrote about in my article on comfort in coifs. This type is inspired by Dutch paintings and is still too big for my daughter, but thanks to the tie at the back, it stays on very well. <\/p><\/div><\/div>\t\t\t\t<\/div>\n\t\t\t\t<\/div>\n\t\t\t\t<div class=\"elementor-element elementor-element-e22d08b elementor-position-top elementor-widget elementor-widget-image-box\" data-id=\"e22d08b\" data-element_type=\"widget\" data-e-type=\"widget\" data-widget_type=\"image-box.default\">\n\t\t\t\t<div class=\"elementor-widget-container\">\n\t\t\t\t\t<div class=\"elementor-image-box-wrapper\"><figure class=\"elementor-image-box-img\"><img loading=\"lazy\" decoding=\"async\" width=\"1080\" height=\"1920\" src=\"https:\/\/illyriantailor.com\/wp-content\/uploads\/2022\/07\/325813765_703581171252354_1923766909182026586_n.jpg\" class=\"attachment-full size-full wp-image-4996\" alt=\"cepice\" srcset=\"https:\/\/illyriantailor.com\/wp-content\/uploads\/2022\/07\/325813765_703581171252354_1923766909182026586_n.jpg 1080w, https:\/\/illyriantailor.com\/wp-content\/uploads\/2022\/07\/325813765_703581171252354_1923766909182026586_n-169x300.jpg 169w, https:\/\/illyriantailor.com\/wp-content\/uploads\/2022\/07\/325813765_703581171252354_1923766909182026586_n-576x1024.jpg 576w, https:\/\/illyriantailor.com\/wp-content\/uploads\/2022\/07\/325813765_703581171252354_1923766909182026586_n-768x1365.jpg 768w, https:\/\/illyriantailor.com\/wp-content\/uploads\/2022\/07\/325813765_703581171252354_1923766909182026586_n-864x1536.jpg 864w, https:\/\/illyriantailor.com\/wp-content\/uploads\/2022\/07\/325813765_703581171252354_1923766909182026586_n-7x12.jpg 7w\" sizes=\"(max-width: 1080px) 100vw, 1080px\" \/><\/figure><\/div>\t\t\t\t<\/div>\n\t\t\t\t<\/div>\n\t\t\t\t<div class=\"elementor-element elementor-element-852e099 elementor-widget elementor-widget-text-editor\" data-id=\"852e099\" data-element_type=\"widget\" data-e-type=\"widget\" data-widget_type=\"text-editor.default\">\n\t\t\t\t<div class=\"elementor-widget-container\">\n\t\t\t\t\t\t\t\t\t<p align=\"left\">A knitted hat is also suitable for children. You can be inspired either again on <a href=\"https:\/\/artsandculture.google.com\/asset\/children%E2%80%99s-games\/CQEeZWQPOI2Yjg?hl=cs\" target=\"_blank\" rel=\"noopener\"><strong>Children\u00b4s games<\/strong><\/a>, where different headgear is also included, or surviving caps, many of which are from the Tudor period (basically what we see at Bruegel's), can also be found on the museum's website. I've made a collage above for comparison: top left is a knitted cap we owe to our Balkan aunt, which could be such a suitable alternative to what's on the right - a child at Bruegel's games with a similar cap, and below - <strong><a href=\"https:\/\/collections.vam.ac.uk\/item\/O124661\/cap-unknown\/\" target=\"_blank\" rel=\"noopener\">dochovan\u00e1 \u010depice nach\u00e1zej\u00edc\u00ed se ve Victoria&Albert muzeu<\/a><\/strong> \u2013 hust\u011b pleten\u00e1, vln\u011bn\u00e1, velmi tepl\u00e1 a \u00fadajn\u011b nepromokav\u00e1, kter\u00e1 chr\u00e1nila krk i u\u0161i. Podobn\u00fdch \u010depic je dochov\u00e1no v\u00edce, ale pro d\u00edt\u011b mi u\u0161anka p\u0159ipad\u00e1 nejprakti\u010dt\u011bj\u0161\u00ed, a proto m\u00e1m tuto jednu vln\u011bnou v\u017edy sebou na akci jako rezervu.<\/p>\t\t\t\t\t\t\t\t<\/div>\n\t\t\t\t<\/div>\n\t\t\t\t\t<\/div>\n\t\t<\/div>\n\t\t\t\t\t<\/div>\n\t\t<\/section>\n\t\t\t\t<section class=\"elementor-section elementor-top-section elementor-element elementor-element-a9ddded elementor-section-boxed elementor-section-height-default elementor-section-height-default\" data-id=\"a9ddded\" data-element_type=\"section\" data-e-type=\"section\">\n\t\t\t\t\t\t<div class=\"elementor-container elementor-column-gap-default\">\n\t\t\t\t\t<div class=\"elementor-column elementor-col-100 elementor-top-column elementor-element elementor-element-d9c7240\" data-id=\"d9c7240\" data-element_type=\"column\" data-e-type=\"column\">\n\t\t\t<div class=\"elementor-widget-wrap elementor-element-populated\">\n\t\t\t\t\t\t<div class=\"elementor-element elementor-element-6993f10 elementor-widget elementor-widget-heading\" data-id=\"6993f10\" data-element_type=\"widget\" data-e-type=\"widget\" data-widget_type=\"heading.default\">\n\t\t\t\t<div class=\"elementor-widget-container\">\n\t\t\t\t\t<h3 class=\"elementor-heading-title elementor-size-default\">Scarves and aprons<\/h3>\t\t\t\t<\/div>\n\t\t\t\t<\/div>\n\t\t\t\t<div class=\"elementor-element elementor-element-b5d21a1 elementor-position-top elementor-widget elementor-widget-image-box\" data-id=\"b5d21a1\" data-element_type=\"widget\" data-e-type=\"widget\" data-widget_type=\"image-box.default\">\n\t\t\t\t<div class=\"elementor-widget-container\">\n\t\t\t\t\t<div class=\"elementor-image-box-wrapper\"><figure class=\"elementor-image-box-img\"><img loading=\"lazy\" decoding=\"async\" width=\"1600\" height=\"1600\" src=\"https:\/\/illyriantailor.com\/wp-content\/uploads\/2025\/02\/Kolaz_zastera.jpg\" class=\"attachment-full size-full wp-image-6082\" alt=\"\" srcset=\"https:\/\/illyriantailor.com\/wp-content\/uploads\/2025\/02\/Kolaz_zastera.jpg 1600w, https:\/\/illyriantailor.com\/wp-content\/uploads\/2025\/02\/Kolaz_zastera-300x300.jpg 300w, https:\/\/illyriantailor.com\/wp-content\/uploads\/2025\/02\/Kolaz_zastera-1024x1024.jpg 1024w, https:\/\/illyriantailor.com\/wp-content\/uploads\/2025\/02\/Kolaz_zastera-150x150.jpg 150w, https:\/\/illyriantailor.com\/wp-content\/uploads\/2025\/02\/Kolaz_zastera-768x768.jpg 768w, https:\/\/illyriantailor.com\/wp-content\/uploads\/2025\/02\/Kolaz_zastera-1536x1536.jpg 1536w, https:\/\/illyriantailor.com\/wp-content\/uploads\/2025\/02\/Kolaz_zastera-12x12.jpg 12w\" sizes=\"(max-width: 1600px) 100vw, 1600px\" \/><\/figure><div class=\"elementor-image-box-content\"><p class=\"elementor-image-box-description\">As we can see in Bruegel's painting, aprons were an essential accessory for little girls. I consider the apron to be an absolutely indispensable part of the costume, not only because of its practicality in the kitchen, but also because it adds variety to the overall look of the costume and because women wore it regardless of their status \u2013 it was an accessory that had many functions, and I would like to mention its significance in a separate article. <\/p><\/div><\/div>\t\t\t\t<\/div>\n\t\t\t\t<\/div>\n\t\t\t\t<div class=\"elementor-element elementor-element-6659fa2 elementor-position-top elementor-widget elementor-widget-image-box\" data-id=\"6659fa2\" data-element_type=\"widget\" data-e-type=\"widget\" data-widget_type=\"image-box.default\">\n\t\t\t\t<div class=\"elementor-widget-container\">\n\t\t\t\t\t<div class=\"elementor-image-box-wrapper\"><figure class=\"elementor-image-box-img\"><img loading=\"lazy\" decoding=\"async\" width=\"2000\" height=\"1500\" src=\"https:\/\/illyriantailor.com\/wp-content\/uploads\/2025\/02\/Zastera.jpg\" class=\"attachment-full size-full wp-image-6086\" alt=\"\" srcset=\"https:\/\/illyriantailor.com\/wp-content\/uploads\/2025\/02\/Zastera.jpg 2000w, https:\/\/illyriantailor.com\/wp-content\/uploads\/2025\/02\/Zastera-300x225.jpg 300w, https:\/\/illyriantailor.com\/wp-content\/uploads\/2025\/02\/Zastera-1024x768.jpg 1024w, https:\/\/illyriantailor.com\/wp-content\/uploads\/2025\/02\/Zastera-768x576.jpg 768w, https:\/\/illyriantailor.com\/wp-content\/uploads\/2025\/02\/Zastera-1536x1152.jpg 1536w, https:\/\/illyriantailor.com\/wp-content\/uploads\/2025\/02\/Zastera-16x12.jpg 16w\" sizes=\"(max-width: 2000px) 100vw, 2000px\" \/><\/figure><div class=\"elementor-image-box-content\"><p class=\"elementor-image-box-description\">For the girl's apron, I chose mustard-colored linen, which I liked the most and which is very practical in terms of color when it gets dirty.<\/p><\/div><\/div>\t\t\t\t<\/div>\n\t\t\t\t<\/div>\n\t\t\t\t<div class=\"elementor-element elementor-element-64498c0 elementor-position-top elementor-widget elementor-widget-image-box\" data-id=\"64498c0\" data-element_type=\"widget\" data-e-type=\"widget\" data-widget_type=\"image-box.default\">\n\t\t\t\t<div class=\"elementor-widget-container\">\n\t\t\t\t\t<div class=\"elementor-image-box-wrapper\"><figure class=\"elementor-image-box-img\"><img loading=\"lazy\" decoding=\"async\" width=\"2000\" height=\"1500\" src=\"https:\/\/illyriantailor.com\/wp-content\/uploads\/2025\/02\/Zastera_strih_Zoner.jpg\" class=\"attachment-full size-full wp-image-6090\" alt=\"\" srcset=\"https:\/\/illyriantailor.com\/wp-content\/uploads\/2025\/02\/Zastera_strih_Zoner.jpg 2000w, https:\/\/illyriantailor.com\/wp-content\/uploads\/2025\/02\/Zastera_strih_Zoner-300x225.jpg 300w, https:\/\/illyriantailor.com\/wp-content\/uploads\/2025\/02\/Zastera_strih_Zoner-1024x768.jpg 1024w, https:\/\/illyriantailor.com\/wp-content\/uploads\/2025\/02\/Zastera_strih_Zoner-768x576.jpg 768w, https:\/\/illyriantailor.com\/wp-content\/uploads\/2025\/02\/Zastera_strih_Zoner-1536x1152.jpg 1536w, https:\/\/illyriantailor.com\/wp-content\/uploads\/2025\/02\/Zastera_strih_Zoner-16x12.jpg 16w\" sizes=\"(max-width: 2000px) 100vw, 2000px\" \/><\/figure><div class=\"elementor-image-box-content\"><p class=\"elementor-image-box-description\">The pattern is very simple \u2013 it is a thin strip of linen sewn onto the shorter side of the rectangle. The corners of the upper edge are removed from the strip to create a period apron with hanging edges. <\/p><\/div><\/div>\t\t\t\t<\/div>\n\t\t\t\t<\/div>\n\t\t\t\t<div class=\"elementor-element elementor-element-39ea08b elementor-position-top elementor-widget elementor-widget-image-box\" data-id=\"39ea08b\" data-element_type=\"widget\" data-e-type=\"widget\" data-widget_type=\"image-box.default\">\n\t\t\t\t<div class=\"elementor-widget-container\">\n\t\t\t\t\t<div class=\"elementor-image-box-wrapper\"><figure class=\"elementor-image-box-img\"><img loading=\"lazy\" decoding=\"async\" width=\"1500\" height=\"2000\" src=\"https:\/\/illyriantailor.com\/wp-content\/uploads\/2025\/02\/Zastera_hotova_Zoner.jpg\" class=\"attachment-full size-full wp-image-6094\" alt=\"\" srcset=\"https:\/\/illyriantailor.com\/wp-content\/uploads\/2025\/02\/Zastera_hotova_Zoner.jpg 1500w, https:\/\/illyriantailor.com\/wp-content\/uploads\/2025\/02\/Zastera_hotova_Zoner-225x300.jpg 225w, https:\/\/illyriantailor.com\/wp-content\/uploads\/2025\/02\/Zastera_hotova_Zoner-768x1024.jpg 768w, https:\/\/illyriantailor.com\/wp-content\/uploads\/2025\/02\/Zastera_hotova_Zoner-1152x1536.jpg 1152w, https:\/\/illyriantailor.com\/wp-content\/uploads\/2025\/02\/Zastera_hotova_Zoner-9x12.jpg 9w\" sizes=\"(max-width: 1500px) 100vw, 1500px\" \/><\/figure><\/div>\t\t\t\t<\/div>\n\t\t\t\t<\/div>\n\t\t\t\t<div class=\"elementor-element elementor-element-be5e1ae elementor-position-top elementor-widget elementor-widget-image-box\" data-id=\"be5e1ae\" data-element_type=\"widget\" data-e-type=\"widget\" data-widget_type=\"image-box.default\">\n\t\t\t\t<div class=\"elementor-widget-container\">\n\t\t\t\t\t<div class=\"elementor-image-box-wrapper\"><figure class=\"elementor-image-box-img\"><img loading=\"lazy\" decoding=\"async\" width=\"648\" height=\"657\" src=\"https:\/\/illyriantailor.com\/wp-content\/uploads\/2025\/02\/Satek.jpg\" class=\"attachment-full size-full wp-image-6098\" alt=\"\" srcset=\"https:\/\/illyriantailor.com\/wp-content\/uploads\/2025\/02\/Satek.jpg 648w, https:\/\/illyriantailor.com\/wp-content\/uploads\/2025\/02\/Satek-296x300.jpg 296w, https:\/\/illyriantailor.com\/wp-content\/uploads\/2025\/02\/Satek-12x12.jpg 12w\" sizes=\"(max-width: 648px) 100vw, 648px\" \/><\/figure><div class=\"elementor-image-box-content\"><p class=\"elementor-image-box-description\">For cooler weather, I always have various linen scarves or a single-color blanket handy. When it rains or is windy, my daughter and I often wear a scarf around our necks and over our shoulders, which we usually tie around our waists with apron strings so that it doesn't flap around. Such accessories can then be layered as desired.\n<\/p><\/div><\/div>\t\t\t\t<\/div>\n\t\t\t\t<\/div>\n\t\t\t\t<div class=\"elementor-element elementor-element-eca9d6d elementor-position-top elementor-widget elementor-widget-image-box\" data-id=\"eca9d6d\" data-element_type=\"widget\" data-e-type=\"widget\" data-widget_type=\"image-box.default\">\n\t\t\t\t<div class=\"elementor-widget-container\">\n\t\t\t\t\t<div class=\"elementor-image-box-wrapper\"><figure class=\"elementor-image-box-img\"><img loading=\"lazy\" decoding=\"async\" width=\"1065\" height=\"710\" src=\"https:\/\/illyriantailor.com\/wp-content\/uploads\/2025\/02\/Satek_Lada_Pecka_detail.jpg\" class=\"attachment-full size-full wp-image-6104\" alt=\"\" srcset=\"https:\/\/illyriantailor.com\/wp-content\/uploads\/2025\/02\/Satek_Lada_Pecka_detail.jpg 1065w, https:\/\/illyriantailor.com\/wp-content\/uploads\/2025\/02\/Satek_Lada_Pecka_detail-300x200.jpg 300w, https:\/\/illyriantailor.com\/wp-content\/uploads\/2025\/02\/Satek_Lada_Pecka_detail-1024x683.jpg 1024w, https:\/\/illyriantailor.com\/wp-content\/uploads\/2025\/02\/Satek_Lada_Pecka_detail-768x512.jpg 768w, https:\/\/illyriantailor.com\/wp-content\/uploads\/2025\/02\/Satek_Lada_Pecka_detail-18x12.jpg 18w, https:\/\/illyriantailor.com\/wp-content\/uploads\/2025\/02\/Satek_Lada_Pecka_detail-930x620.jpg 930w\" sizes=\"(max-width: 1065px) 100vw, 1065px\" \/><\/figure><div class=\"elementor-image-box-content\"><p class=\"elementor-image-box-description\">We have linen scarves in several variants: larger triangles, smaller ones, thinner and lighter linen, and also this one, for example, which is warmer for colder days. In this photo from Pecka Castle, you can see that it was time to lengthen my daughter's sleeves. We would like to thank to photografh Fr\u00fdzl for this photo.\n<\/p><\/div><\/div>\t\t\t\t<\/div>\n\t\t\t\t<\/div>\n\t\t\t\t<div class=\"elementor-element elementor-element-637f8a7 elementor-position-top elementor-widget elementor-widget-image-box\" data-id=\"637f8a7\" data-element_type=\"widget\" data-e-type=\"widget\" data-widget_type=\"image-box.default\">\n\t\t\t\t<div class=\"elementor-widget-container\">\n\t\t\t\t\t<div class=\"elementor-image-box-wrapper\"><figure class=\"elementor-image-box-img\"><img loading=\"lazy\" decoding=\"async\" width=\"554\" height=\"369\" src=\"https:\/\/illyriantailor.com\/wp-content\/uploads\/2025\/02\/Rodinna_z_Pecky_Lada.jpg\" class=\"attachment-full size-full wp-image-6111\" alt=\"\" srcset=\"https:\/\/illyriantailor.com\/wp-content\/uploads\/2025\/02\/Rodinna_z_Pecky_Lada.jpg 554w, https:\/\/illyriantailor.com\/wp-content\/uploads\/2025\/02\/Rodinna_z_Pecky_Lada-300x200.jpg 300w, https:\/\/illyriantailor.com\/wp-content\/uploads\/2025\/02\/Rodinna_z_Pecky_Lada-18x12.jpg 18w\" sizes=\"(max-width: 554px) 100vw, 554px\" \/><\/figure><div class=\"elementor-image-box-content\"><p class=\"elementor-image-box-description\">\u00a9 Fr\u00fdzl<\/p><\/div><\/div>\t\t\t\t<\/div>\n\t\t\t\t<\/div>\n\t\t\t\t\t<\/div>\n\t\t<\/div>\n\t\t\t\t\t<\/div>\n\t\t<\/section>\n\t\t\t\t<section class=\"elementor-section elementor-top-section elementor-element elementor-element-e3c18ee elementor-section-boxed elementor-section-height-default elementor-section-height-default\" data-id=\"e3c18ee\" data-element_type=\"section\" data-e-type=\"section\">\n\t\t\t\t\t\t<div class=\"elementor-container elementor-column-gap-default\">\n\t\t\t\t\t<div class=\"elementor-column elementor-col-100 elementor-top-column elementor-element elementor-element-b6586b7\" data-id=\"b6586b7\" data-element_type=\"column\" data-e-type=\"column\">\n\t\t\t<div class=\"elementor-widget-wrap elementor-element-populated\">\n\t\t\t\t\t\t<div class=\"elementor-element elementor-element-637749b elementor-widget elementor-widget-heading\" data-id=\"637749b\" data-element_type=\"widget\" data-e-type=\"widget\" data-widget_type=\"heading.default\">\n\t\t\t\t<div class=\"elementor-widget-container\">\n\t\t\t\t\t<h3 class=\"elementor-heading-title elementor-size-default\">Shoes and stockings<\/h3>\t\t\t\t<\/div>\n\t\t\t\t<\/div>\n\t\t\t\t\t<\/div>\n\t\t<\/div>\n\t\t\t\t\t<\/div>\n\t\t<\/section>\n\t\t\t\t<section class=\"elementor-section elementor-top-section elementor-element elementor-element-0607d8f elementor-section-boxed elementor-section-height-default elementor-section-height-default\" data-id=\"0607d8f\" data-element_type=\"section\" data-e-type=\"section\">\n\t\t\t\t\t\t<div class=\"elementor-container elementor-column-gap-default\">\n\t\t\t\t\t<div class=\"elementor-column elementor-col-100 elementor-top-column elementor-element elementor-element-282612b\" data-id=\"282612b\" data-element_type=\"column\" data-e-type=\"column\">\n\t\t\t<div class=\"elementor-widget-wrap elementor-element-populated\">\n\t\t\t\t\t\t<div class=\"elementor-element elementor-element-fa7d46b elementor-widget elementor-widget-text-editor\" data-id=\"fa7d46b\" data-element_type=\"widget\" data-e-type=\"widget\" data-widget_type=\"text-editor.default\">\n\t\t\t\t<div class=\"elementor-widget-container\">\n\t\t\t\t\t\t\t\t\t<p>Girls' shoes and stockings were also not very different from boy's so after my son and daughter outgrew their <a href=\"https:\/\/illyriantailor.com\/english\/2019\/07\/26\/detsky-outfit\/\" target=\"_blank\" rel=\"noopener\">first (sewn) shoes\/slippers<\/a> na hn\u011bd\u00e9, ko\u017een\u00e9 cap\u00e1\u010dky koupen\u00e9 na internetu \u2013 rychlost r\u016fstu nohy mi ji\u017e nedovolila st\u00edhat \u0161\u00edt cap\u00e1\u010dky doma.<\/p>\t\t\t\t\t\t\t\t<\/div>\n\t\t\t\t<\/div>\n\t\t\t\t\t<\/div>\n\t\t<\/div>\n\t\t\t\t\t<\/div>\n\t\t<\/section>\n\t\t\t\t<section class=\"elementor-section elementor-top-section elementor-element elementor-element-a08cdff elementor-section-boxed elementor-section-height-default elementor-section-height-default\" data-id=\"a08cdff\" data-element_type=\"section\" data-e-type=\"section\">\n\t\t\t\t\t\t<div class=\"elementor-container elementor-column-gap-default\">\n\t\t\t\t\t<div class=\"elementor-column elementor-col-100 elementor-top-column elementor-element elementor-element-adadb14\" data-id=\"adadb14\" data-element_type=\"column\" data-e-type=\"column\">\n\t\t\t<div class=\"elementor-widget-wrap elementor-element-populated\">\n\t\t\t\t\t\t<div class=\"elementor-element elementor-element-66b82ee elementor-position-top elementor-widget elementor-widget-image-box\" data-id=\"66b82ee\" data-element_type=\"widget\" data-e-type=\"widget\" data-widget_type=\"image-box.default\">\n\t\t\t\t<div class=\"elementor-widget-container\">\n\t\t\t\t\t<div class=\"elementor-image-box-wrapper\"><figure class=\"elementor-image-box-img\"><img loading=\"lazy\" decoding=\"async\" width=\"1536\" height=\"2048\" src=\"https:\/\/illyriantailor.com\/wp-content\/uploads\/2025\/02\/Kolaz_obuv.jpg\" class=\"attachment-full size-full wp-image-6127\" alt=\"\" srcset=\"https:\/\/illyriantailor.com\/wp-content\/uploads\/2025\/02\/Kolaz_obuv.jpg 1536w, https:\/\/illyriantailor.com\/wp-content\/uploads\/2025\/02\/Kolaz_obuv-225x300.jpg 225w, https:\/\/illyriantailor.com\/wp-content\/uploads\/2025\/02\/Kolaz_obuv-768x1024.jpg 768w, https:\/\/illyriantailor.com\/wp-content\/uploads\/2025\/02\/Kolaz_obuv-1152x1536.jpg 1152w, https:\/\/illyriantailor.com\/wp-content\/uploads\/2025\/02\/Kolaz_obuv-9x12.jpg 9w\" sizes=\"(max-width: 1536px) 100vw, 1536px\" \/><\/figure><div class=\"elementor-image-box-content\"><p class=\"elementor-image-box-description\">Unless the children are running around barefoot, I try to make sure they have socks and shoes that are as period-appropriate as possible. The girls' socks and shoes did not differ in color or style from those worn by adults. In the collage from the documentation above, we can see low leather shoes worn by both the lower and upper classes. My daughter usually wears earth-colored tights under her costume. On colder days, we keep her feet warm with knitted socks, which we layer over the tights.<\/p><\/div><\/div>\t\t\t\t<\/div>\n\t\t\t\t<\/div>\n\t\t\t\t<div class=\"elementor-element elementor-element-f680a59 elementor-position-top elementor-widget elementor-widget-image-box\" data-id=\"f680a59\" data-element_type=\"widget\" data-e-type=\"widget\" data-widget_type=\"image-box.default\">\n\t\t\t\t<div class=\"elementor-widget-container\">\n\t\t\t\t\t<div class=\"elementor-image-box-wrapper\"><figure class=\"elementor-image-box-img\"><a href=\"https:\/\/www.londonmuseum.org.uk\/blog\/tudor-knitting-in-london\/\" target=\"_blank\" tabindex=\"-1\"><img loading=\"lazy\" decoding=\"async\" width=\"1200\" height=\"1598\" src=\"https:\/\/illyriantailor.com\/wp-content\/uploads\/2025\/02\/Kolaz_ponozky_tudorovske.jpg\" class=\"attachment-full size-full wp-image-6135\" alt=\"\" srcset=\"https:\/\/illyriantailor.com\/wp-content\/uploads\/2025\/02\/Kolaz_ponozky_tudorovske.jpg 1200w, https:\/\/illyriantailor.com\/wp-content\/uploads\/2025\/02\/Kolaz_ponozky_tudorovske-225x300.jpg 225w, https:\/\/illyriantailor.com\/wp-content\/uploads\/2025\/02\/Kolaz_ponozky_tudorovske-769x1024.jpg 769w, https:\/\/illyriantailor.com\/wp-content\/uploads\/2025\/02\/Kolaz_ponozky_tudorovske-768x1023.jpg 768w, https:\/\/illyriantailor.com\/wp-content\/uploads\/2025\/02\/Kolaz_ponozky_tudorovske-1153x1536.jpg 1153w, https:\/\/illyriantailor.com\/wp-content\/uploads\/2025\/02\/Kolaz_ponozky_tudorovske-9x12.jpg 9w\" sizes=\"(max-width: 1200px) 100vw, 1200px\" \/><\/a><\/figure><div class=\"elementor-image-box-content\"><p class=\"elementor-image-box-description\">I already made collages with socks for boy\u00b4s outfits, so here is the girls' version, as we have  these new yellow knitted socks now. As I wrote earlier, I would look for socks in the grandmother's closet or have them knitted by someone skilled (to order, for example, on the handmade portal Etsy, where you can also find ready-made pairs). The collage above our socks comes from the website of a London museum - the linked image shows preserved Tudor knitted accessories.  <\/p><\/div><\/div>\t\t\t\t<\/div>\n\t\t\t\t<\/div>\n\t\t\t\t<div class=\"elementor-element elementor-element-10e40b7 elementor-position-top elementor-widget elementor-widget-image-box\" data-id=\"10e40b7\" data-element_type=\"widget\" data-e-type=\"widget\" data-widget_type=\"image-box.default\">\n\t\t\t\t<div class=\"elementor-widget-container\">\n\t\t\t\t\t<div class=\"elementor-image-box-wrapper\"><figure class=\"elementor-image-box-img\"><img loading=\"lazy\" decoding=\"async\" width=\"1050\" height=\"1268\" src=\"https:\/\/illyriantailor.com\/wp-content\/uploads\/2025\/02\/325614487_1122508588447965_3765021457534369372_n.jpg\" class=\"attachment-full size-full wp-image-6142\" alt=\"\" srcset=\"https:\/\/illyriantailor.com\/wp-content\/uploads\/2025\/02\/325614487_1122508588447965_3765021457534369372_n.jpg 1050w, https:\/\/illyriantailor.com\/wp-content\/uploads\/2025\/02\/325614487_1122508588447965_3765021457534369372_n-248x300.jpg 248w, https:\/\/illyriantailor.com\/wp-content\/uploads\/2025\/02\/325614487_1122508588447965_3765021457534369372_n-848x1024.jpg 848w, https:\/\/illyriantailor.com\/wp-content\/uploads\/2025\/02\/325614487_1122508588447965_3765021457534369372_n-768x927.jpg 768w, https:\/\/illyriantailor.com\/wp-content\/uploads\/2025\/02\/325614487_1122508588447965_3765021457534369372_n-10x12.jpg 10w\" sizes=\"(max-width: 1050px) 100vw, 1050px\" \/><\/figure><\/div>\t\t\t\t<\/div>\n\t\t\t\t<\/div>\n\t\t\t\t\t<\/div>\n\t\t<\/div>\n\t\t\t\t\t<\/div>\n\t\t<\/section>\n\t\t\t\t<section class=\"elementor-section elementor-top-section elementor-element elementor-element-55e9e87 elementor-section-boxed elementor-section-height-default elementor-section-height-default\" data-id=\"55e9e87\" data-element_type=\"section\" data-e-type=\"section\">\n\t\t\t\t\t\t<div class=\"elementor-container elementor-column-gap-default\">\n\t\t\t\t\t<div class=\"elementor-column elementor-col-100 elementor-top-column elementor-element elementor-element-9a06d26\" data-id=\"9a06d26\" data-element_type=\"column\" data-e-type=\"column\">\n\t\t\t<div class=\"elementor-widget-wrap elementor-element-populated\">\n\t\t\t\t\t\t<div class=\"elementor-element elementor-element-e25bc5f elementor-widget elementor-widget-text-editor\" data-id=\"e25bc5f\" data-element_type=\"widget\" data-e-type=\"widget\" data-widget_type=\"text-editor.default\">\n\t\t\t\t<div class=\"elementor-widget-container\">\n\t\t\t\t\t\t\t\t\t<p>For inspiration: three preserved children's shoes with perforated side leather tabs for lace-up - top left <strong><a href=\"https:\/\/finds.org.uk\/database\/artefacts\/record\/id\/405779\" target=\"_blank\" rel=\"noopener\">low shoes\/clog with leather upper<\/a><\/strong>, top right <strong><a href=\"https:\/\/dorkingmuseum.org.uk\/childs-leather-lachet-shoe\/\" target=\"_blank\" rel=\"noopener\">shoes with a visibly folded tongue<\/a><\/strong>\u00a0and below <strong><a href=\"https:\/\/owl.museum-digital.de\/object\/80\" target=\"_blank\" rel=\"noopener\">one with decoration<\/a><\/strong> for the little countess, but again similar in type.<\/p>\t\t\t\t\t\t\t\t<\/div>\n\t\t\t\t<\/div>\n\t\t\t\t\t<\/div>\n\t\t<\/div>\n\t\t\t\t\t<\/div>\n\t\t<\/section>\n\t\t\t\t<section class=\"elementor-section elementor-top-section elementor-element elementor-element-6dfe48a elementor-section-boxed elementor-section-height-default elementor-section-height-default\" data-id=\"6dfe48a\" data-element_type=\"section\" data-e-type=\"section\">\n\t\t\t\t\t\t<div class=\"elementor-container elementor-column-gap-default\">\n\t\t\t\t\t<div class=\"elementor-column elementor-col-100 elementor-top-column elementor-element elementor-element-44106df\" data-id=\"44106df\" data-element_type=\"column\" data-e-type=\"column\">\n\t\t\t<div class=\"elementor-widget-wrap elementor-element-populated\">\n\t\t\t\t\t\t<div class=\"elementor-element elementor-element-9922f6f elementor-position-top elementor-widget elementor-widget-image-box\" data-id=\"9922f6f\" data-element_type=\"widget\" data-e-type=\"widget\" data-widget_type=\"image-box.default\">\n\t\t\t\t<div class=\"elementor-widget-container\">\n\t\t\t\t\t<div class=\"elementor-image-box-wrapper\"><figure class=\"elementor-image-box-img\"><a href=\"https:\/\/www.londonmuseum.org.uk\/blog\/tudor-knitting-in-london\/\" target=\"_blank\" tabindex=\"-1\"><img loading=\"lazy\" decoding=\"async\" width=\"1080\" height=\"1920\" src=\"https:\/\/illyriantailor.com\/wp-content\/uploads\/2022\/07\/324812758_884455586134464_5209556040274700788_n.webp\" class=\"attachment-full size-full wp-image-5063\" alt=\"obuv\" srcset=\"https:\/\/illyriantailor.com\/wp-content\/uploads\/2022\/07\/324812758_884455586134464_5209556040274700788_n.webp 1080w, https:\/\/illyriantailor.com\/wp-content\/uploads\/2022\/07\/324812758_884455586134464_5209556040274700788_n-169x300.webp 169w, https:\/\/illyriantailor.com\/wp-content\/uploads\/2022\/07\/324812758_884455586134464_5209556040274700788_n-576x1024.webp 576w, https:\/\/illyriantailor.com\/wp-content\/uploads\/2022\/07\/324812758_884455586134464_5209556040274700788_n-768x1365.webp 768w, https:\/\/illyriantailor.com\/wp-content\/uploads\/2022\/07\/324812758_884455586134464_5209556040274700788_n-864x1536.webp 864w, https:\/\/illyriantailor.com\/wp-content\/uploads\/2022\/07\/324812758_884455586134464_5209556040274700788_n-7x12.webp 7w\" sizes=\"(max-width: 1080px) 100vw, 1080px\" \/><\/a><\/figure><div class=\"elementor-image-box-content\"><p class=\"elementor-image-box-description\">As I mentioned earlier, due to lack of time, I bought leather slip-on-shoes that don't detract too much from the authenticity of the costume. The children liked them so much that we bought them as long as they were available in the right size. They are definitely suitable for such small children because they can easily put them on and take them off by themselves, so I don't have to run around tying shoelaces all the time. The leather slippers\/slip-on-shoes like these stay dry inside for a long time, even when walking on wet grass, and both of our children love them.<\/p><\/div><\/div>\t\t\t\t<\/div>\n\t\t\t\t<\/div>\n\t\t\t\t<div class=\"elementor-element elementor-element-55c328c elementor-position-top elementor-widget elementor-widget-image-box\" data-id=\"55c328c\" data-element_type=\"widget\" data-e-type=\"widget\" data-widget_type=\"image-box.default\">\n\t\t\t\t<div class=\"elementor-widget-container\">\n\t\t\t\t\t<div class=\"elementor-image-box-wrapper\"><figure class=\"elementor-image-box-img\"><a href=\"https:\/\/www.londonmuseum.org.uk\/blog\/tudor-knitting-in-london\/\" target=\"_blank\" tabindex=\"-1\"><img loading=\"lazy\" decoding=\"async\" width=\"1708\" height=\"1225\" src=\"https:\/\/illyriantailor.com\/wp-content\/uploads\/2025\/02\/Obsite_botky.jpg\" class=\"attachment-full size-full wp-image-6153\" alt=\"\" srcset=\"https:\/\/illyriantailor.com\/wp-content\/uploads\/2025\/02\/Obsite_botky.jpg 1708w, https:\/\/illyriantailor.com\/wp-content\/uploads\/2025\/02\/Obsite_botky-300x215.jpg 300w, https:\/\/illyriantailor.com\/wp-content\/uploads\/2025\/02\/Obsite_botky-1024x734.jpg 1024w, https:\/\/illyriantailor.com\/wp-content\/uploads\/2025\/02\/Obsite_botky-768x551.jpg 768w, https:\/\/illyriantailor.com\/wp-content\/uploads\/2025\/02\/Obsite_botky-1536x1102.jpg 1536w, https:\/\/illyriantailor.com\/wp-content\/uploads\/2025\/02\/Obsite_botky-18x12.jpg 18w\" sizes=\"(max-width: 1708px) 100vw, 1708px\" \/><\/a><\/figure><div class=\"elementor-image-box-content\"><p class=\"elementor-image-box-description\">It is also possible to improvise with older shoes or, for example, inexpensive trainers. I first tried sewing leather onto cheaper slip-on shoes from Pepco. <\/p><\/div><\/div>\t\t\t\t<\/div>\n\t\t\t\t<\/div>\n\t\t\t\t<div class=\"elementor-element elementor-element-b8cbf7d elementor-position-top elementor-widget elementor-widget-image-box\" data-id=\"b8cbf7d\" data-element_type=\"widget\" data-e-type=\"widget\" data-widget_type=\"image-box.default\">\n\t\t\t\t<div class=\"elementor-widget-container\">\n\t\t\t\t\t<div class=\"elementor-image-box-wrapper\"><figure class=\"elementor-image-box-img\"><a href=\"https:\/\/www.londonmuseum.org.uk\/blog\/tudor-knitting-in-london\/\" target=\"_blank\" tabindex=\"-1\"><img loading=\"lazy\" decoding=\"async\" width=\"1536\" height=\"2048\" src=\"https:\/\/illyriantailor.com\/wp-content\/uploads\/2025\/02\/Kolaz_barefoot.jpg\" class=\"attachment-full size-full wp-image-6157\" alt=\"\" srcset=\"https:\/\/illyriantailor.com\/wp-content\/uploads\/2025\/02\/Kolaz_barefoot.jpg 1536w, https:\/\/illyriantailor.com\/wp-content\/uploads\/2025\/02\/Kolaz_barefoot-225x300.jpg 225w, https:\/\/illyriantailor.com\/wp-content\/uploads\/2025\/02\/Kolaz_barefoot-768x1024.jpg 768w, https:\/\/illyriantailor.com\/wp-content\/uploads\/2025\/02\/Kolaz_barefoot-1152x1536.jpg 1152w, https:\/\/illyriantailor.com\/wp-content\/uploads\/2025\/02\/Kolaz_barefoot-9x12.jpg 9w\" sizes=\"(max-width: 1536px) 100vw, 1536px\" \/><\/a><\/figure><div class=\"elementor-image-box-content\"><p class=\"elementor-image-box-description\">The latest experiment was transforming modern barefoot shoes into period shoes. I had long been motivated by a desire to provide children with suitable footwear for running on courtyard cobblestones and other hard surfaces. These are also warmer canvas shoes with waterproof rubber soles. Above is a photo of my son's worn-out sneakers, and below is the result.<\/p><\/div><\/div>\t\t\t\t<\/div>\n\t\t\t\t<\/div>\n\t\t\t\t<div class=\"elementor-element elementor-element-28fb7fd elementor-position-top elementor-widget elementor-widget-image-box\" data-id=\"28fb7fd\" data-element_type=\"widget\" data-e-type=\"widget\" data-widget_type=\"image-box.default\">\n\t\t\t\t<div class=\"elementor-widget-container\">\n\t\t\t\t\t<div class=\"elementor-image-box-wrapper\"><figure class=\"elementor-image-box-img\"><a href=\"https:\/\/www.londonmuseum.org.uk\/blog\/tudor-knitting-in-london\/\" target=\"_blank\" tabindex=\"-1\"><img loading=\"lazy\" decoding=\"async\" width=\"1536\" height=\"2048\" src=\"https:\/\/illyriantailor.com\/wp-content\/uploads\/2025\/02\/WhatsApp-Image-2025-02-07-at-09.51.54.jpeg\" class=\"attachment-full size-full wp-image-6164\" alt=\"\" srcset=\"https:\/\/illyriantailor.com\/wp-content\/uploads\/2025\/02\/WhatsApp-Image-2025-02-07-at-09.51.54.jpeg 1536w, https:\/\/illyriantailor.com\/wp-content\/uploads\/2025\/02\/WhatsApp-Image-2025-02-07-at-09.51.54-225x300.jpeg 225w, https:\/\/illyriantailor.com\/wp-content\/uploads\/2025\/02\/WhatsApp-Image-2025-02-07-at-09.51.54-768x1024.jpeg 768w, https:\/\/illyriantailor.com\/wp-content\/uploads\/2025\/02\/WhatsApp-Image-2025-02-07-at-09.51.54-1152x1536.jpeg 1152w, https:\/\/illyriantailor.com\/wp-content\/uploads\/2025\/02\/WhatsApp-Image-2025-02-07-at-09.51.54-9x12.jpeg 9w\" sizes=\"(max-width: 1536px) 100vw, 1536px\" \/><\/a><\/figure><div class=\"elementor-image-box-content\"><p class=\"elementor-image-box-description\">I also remade a pair of shoes for my son.<\/p><\/div><\/div>\t\t\t\t<\/div>\n\t\t\t\t<\/div>\n\t\t\t\t\t<\/div>\n\t\t<\/div>\n\t\t\t\t\t<\/div>\n\t\t<\/section>\n\t\t\t\t<section class=\"elementor-section elementor-top-section elementor-element elementor-element-db0a8be elementor-section-boxed elementor-section-height-default elementor-section-height-default\" data-id=\"db0a8be\" data-element_type=\"section\" data-e-type=\"section\">\n\t\t\t\t\t\t<div class=\"elementor-container elementor-column-gap-default\">\n\t\t\t\t\t<div class=\"elementor-column elementor-col-100 elementor-top-column elementor-element elementor-element-319940e\" data-id=\"319940e\" data-element_type=\"column\" data-e-type=\"column\">\n\t\t\t<div class=\"elementor-widget-wrap elementor-element-populated\">\n\t\t\t\t\t\t<div class=\"elementor-element elementor-element-53bdf2d elementor-widget elementor-widget-heading\" data-id=\"53bdf2d\" data-element_type=\"widget\" data-e-type=\"widget\" data-widget_type=\"heading.default\">\n\t\t\t\t<div class=\"elementor-widget-container\">\n\t\t\t\t\t<h3 class=\"elementor-heading-title elementor-size-default\">Accessories<\/h3>\t\t\t\t<\/div>\n\t\t\t\t<\/div>\n\t\t\t\t\t<\/div>\n\t\t<\/div>\n\t\t\t\t\t<\/div>\n\t\t<\/section>\n\t\t\t\t<section class=\"elementor-section elementor-top-section elementor-element elementor-element-3332aea elementor-section-boxed elementor-section-height-default elementor-section-height-default\" data-id=\"3332aea\" data-element_type=\"section\" data-e-type=\"section\">\n\t\t\t\t\t\t<div class=\"elementor-container elementor-column-gap-default\">\n\t\t\t\t\t<div class=\"elementor-column elementor-col-100 elementor-top-column elementor-element elementor-element-4328040\" data-id=\"4328040\" data-element_type=\"column\" data-e-type=\"column\">\n\t\t\t<div class=\"elementor-widget-wrap elementor-element-populated\">\n\t\t\t\t\t\t<div class=\"elementor-element elementor-element-a539d01 elementor-position-top elementor-widget elementor-widget-image-box\" data-id=\"a539d01\" data-element_type=\"widget\" data-e-type=\"widget\" data-widget_type=\"image-box.default\">\n\t\t\t\t<div class=\"elementor-widget-container\">\n\t\t\t\t\t<div class=\"elementor-image-box-wrapper\"><figure class=\"elementor-image-box-img\"><a href=\"https:\/\/www.londonmuseum.org.uk\/blog\/tudor-knitting-in-london\/\" target=\"_blank\" tabindex=\"-1\"><img loading=\"lazy\" decoding=\"async\" width=\"1600\" height=\"1200\" src=\"https:\/\/illyriantailor.com\/wp-content\/uploads\/2025\/02\/Doplnky.jpg\" class=\"attachment-full size-full wp-image-6171\" alt=\"\" srcset=\"https:\/\/illyriantailor.com\/wp-content\/uploads\/2025\/02\/Doplnky.jpg 1600w, https:\/\/illyriantailor.com\/wp-content\/uploads\/2025\/02\/Doplnky-300x225.jpg 300w, https:\/\/illyriantailor.com\/wp-content\/uploads\/2025\/02\/Doplnky-1024x768.jpg 1024w, https:\/\/illyriantailor.com\/wp-content\/uploads\/2025\/02\/Doplnky-768x576.jpg 768w, https:\/\/illyriantailor.com\/wp-content\/uploads\/2025\/02\/Doplnky-1536x1152.jpg 1536w, https:\/\/illyriantailor.com\/wp-content\/uploads\/2025\/02\/Doplnky-16x12.jpg 16w\" sizes=\"(max-width: 1600px) 100vw, 1600px\" \/><\/a><\/figure><div class=\"elementor-image-box-content\"><p class=\"elementor-image-box-description\">What else does a little reenacting girl need?<\/p><\/div><\/div>\t\t\t\t<\/div>\n\t\t\t\t<\/div>\n\t\t\t\t\t<\/div>\n\t\t<\/div>\n\t\t\t\t\t<\/div>\n\t\t<\/section>\n\t\t\t\t<section class=\"elementor-section elementor-top-section elementor-element elementor-element-d1731f7 elementor-section-boxed elementor-section-height-default elementor-section-height-default\" data-id=\"d1731f7\" data-element_type=\"section\" data-e-type=\"section\">\n\t\t\t\t\t\t<div class=\"elementor-container elementor-column-gap-default\">\n\t\t\t\t\t<div class=\"elementor-column elementor-col-100 elementor-top-column elementor-element elementor-element-a64d40e\" data-id=\"a64d40e\" data-element_type=\"column\" data-e-type=\"column\">\n\t\t\t<div class=\"elementor-widget-wrap elementor-element-populated\">\n\t\t\t\t\t\t<div class=\"elementor-element elementor-element-04a413b elementor-icon-list--layout-traditional elementor-list-item-link-full_width elementor-widget elementor-widget-icon-list\" data-id=\"04a413b\" data-element_type=\"widget\" data-e-type=\"widget\" data-widget_type=\"icon-list.default\">\n\t\t\t\t<div class=\"elementor-widget-container\">\n\t\t\t\t\t\t\t<ul class=\"elementor-icon-list-items\">\n\t\t\t\t\t\t\t<li class=\"elementor-icon-list-item\">\n\t\t\t\t\t\t\t\t\t\t\t<span class=\"elementor-icon-list-icon\">\n\t\t\t\t\t\t\t<i aria-hidden=\"true\" class=\"fas fa-atom\"><\/i>\t\t\t\t\t\t<\/span>\n\t\t\t\t\t\t\t\t\t\t<span class=\"elementor-icon-list-text\">Hair ties and a comb so that someone can braid her hair into a traditional hairstyle<\/span>\n\t\t\t\t\t\t\t\t\t<\/li>\n\t\t\t\t\t\t\t\t<li class=\"elementor-icon-list-item\">\n\t\t\t\t\t\t\t\t\t\t\t<span class=\"elementor-icon-list-icon\">\n\t\t\t\t\t\t\t<i aria-hidden=\"true\" class=\"fas fa-atom\"><\/i>\t\t\t\t\t\t<\/span>\n\t\t\t\t\t\t\t\t\t\t<span class=\"elementor-icon-list-text\">A doll \u2013 preferably a small twin<\/span>\n\t\t\t\t\t\t\t\t\t<\/li>\n\t\t\t\t\t\t\t\t<li class=\"elementor-icon-list-item\">\n\t\t\t\t\t\t\t\t\t\t\t<span class=\"elementor-icon-list-icon\">\n\t\t\t\t\t\t\t<i aria-hidden=\"true\" class=\"fas fa-atom\"><\/i>\t\t\t\t\t\t<\/span>\n\t\t\t\t\t\t\t\t\t\t<span class=\"elementor-icon-list-text\">A basket in which she will place all her treasures, especially flowers<\/span>\n\t\t\t\t\t\t\t\t\t<\/li>\n\t\t\t\t\t\t\t\t<li class=\"elementor-icon-list-item\">\n\t\t\t\t\t\t\t\t\t\t\t<span class=\"elementor-icon-list-icon\">\n\t\t\t\t\t\t\t<i aria-hidden=\"true\" class=\"fas fa-atom\"><\/i>\t\t\t\t\t\t<\/span>\n\t\t\t\t\t\t\t\t\t\t<span class=\"elementor-icon-list-text\">A bowl, spoons, and preferably a mug, which we don't have yet.<\/span>\n\t\t\t\t\t\t\t\t\t<\/li>\n\t\t\t\t\t\t\t\t<li class=\"elementor-icon-list-item\">\n\t\t\t\t\t\t\t\t\t\t\t<span class=\"elementor-icon-list-icon\">\n\t\t\t\t\t\t\t<i aria-hidden=\"true\" class=\"fas fa-atom\"><\/i>\t\t\t\t\t\t<\/span>\n\t\t\t\t\t\t\t\t\t\t<span class=\"elementor-icon-list-text\">Balls - so she can play with other rascals<\/span>\n\t\t\t\t\t\t\t\t\t<\/li>\n\t\t\t\t\t\t<\/ul>\n\t\t\t\t\t\t<\/div>\n\t\t\t\t<\/div>\n\t\t\t\t\t<\/div>\n\t\t<\/div>\n\t\t\t\t\t<\/div>\n\t\t<\/section>\n\t\t\t\t<section class=\"elementor-section elementor-top-section elementor-element elementor-element-85008dc elementor-section-boxed elementor-section-height-default elementor-section-height-default\" data-id=\"85008dc\" data-element_type=\"section\" data-e-type=\"section\">\n\t\t\t\t\t\t<div class=\"elementor-container elementor-column-gap-default\">\n\t\t\t\t\t<div class=\"elementor-column elementor-col-100 elementor-top-column elementor-element elementor-element-ef6c92c\" data-id=\"ef6c92c\" data-element_type=\"column\" data-e-type=\"column\">\n\t\t\t<div class=\"elementor-widget-wrap elementor-element-populated\">\n\t\t\t\t\t\t<div class=\"elementor-element elementor-element-cf9f3ec elementor-position-top elementor-widget elementor-widget-image-box\" data-id=\"cf9f3ec\" data-element_type=\"widget\" data-e-type=\"widget\" data-widget_type=\"image-box.default\">\n\t\t\t\t<div class=\"elementor-widget-container\">\n\t\t\t\t\t<div class=\"elementor-image-box-wrapper\"><figure class=\"elementor-image-box-img\"><a href=\"https:\/\/www.londonmuseum.org.uk\/blog\/tudor-knitting-in-london\/\" target=\"_blank\" tabindex=\"-1\"><img loading=\"lazy\" decoding=\"async\" width=\"1530\" height=\"2040\" src=\"https:\/\/illyriantailor.com\/wp-content\/uploads\/2025\/02\/Hreben.jpg\" class=\"attachment-full size-full wp-image-6187\" alt=\"\" srcset=\"https:\/\/illyriantailor.com\/wp-content\/uploads\/2025\/02\/Hreben.jpg 1530w, https:\/\/illyriantailor.com\/wp-content\/uploads\/2025\/02\/Hreben-225x300.jpg 225w, https:\/\/illyriantailor.com\/wp-content\/uploads\/2025\/02\/Hreben-768x1024.jpg 768w, https:\/\/illyriantailor.com\/wp-content\/uploads\/2025\/02\/Hreben-1152x1536.jpg 1152w, https:\/\/illyriantailor.com\/wp-content\/uploads\/2025\/02\/Hreben-9x12.jpg 9w\" sizes=\"(max-width: 1530px) 100vw, 1530px\" \/><\/a><\/figure><div class=\"elementor-image-box-content\"><p class=\"elementor-image-box-description\">I bought the comb for myself, but in recent years I have used it more to comb my daughter's hair. According to historian Ruth Goodman, the denser side of this comb was used to comb dirt out of the hair (as a kind of ancient hair washing), and the sparser side was used for combing after the dirt had been combed out. (From the BBC program Tudor Monastery Farm.)<\/p><\/div><\/div>\t\t\t\t<\/div>\n\t\t\t\t<\/div>\n\t\t\t\t<div class=\"elementor-element elementor-element-5ab3418 elementor-position-top elementor-widget elementor-widget-image-box\" data-id=\"5ab3418\" data-element_type=\"widget\" data-e-type=\"widget\" data-widget_type=\"image-box.default\">\n\t\t\t\t<div class=\"elementor-widget-container\">\n\t\t\t\t\t<div class=\"elementor-image-box-wrapper\"><figure class=\"elementor-image-box-img\"><a href=\"https:\/\/www.londonmuseum.org.uk\/blog\/tudor-knitting-in-london\/\" target=\"_blank\" tabindex=\"-1\"><img loading=\"lazy\" decoding=\"async\" width=\"1708\" height=\"2048\" src=\"https:\/\/illyriantailor.com\/wp-content\/uploads\/2025\/02\/Panenka.jpg\" class=\"attachment-full size-full wp-image-6191\" alt=\"\" srcset=\"https:\/\/illyriantailor.com\/wp-content\/uploads\/2025\/02\/Panenka.jpg 1708w, https:\/\/illyriantailor.com\/wp-content\/uploads\/2025\/02\/Panenka-250x300.jpg 250w, https:\/\/illyriantailor.com\/wp-content\/uploads\/2025\/02\/Panenka-854x1024.jpg 854w, https:\/\/illyriantailor.com\/wp-content\/uploads\/2025\/02\/Panenka-768x921.jpg 768w, https:\/\/illyriantailor.com\/wp-content\/uploads\/2025\/02\/Panenka-1281x1536.jpg 1281w, https:\/\/illyriantailor.com\/wp-content\/uploads\/2025\/02\/Panenka-10x12.jpg 10w\" sizes=\"(max-width: 1708px) 100vw, 1708px\" \/><\/a><\/figure><div class=\"elementor-image-box-content\"><p class=\"elementor-image-box-description\">I will soon be writing instructions for this simple doll based on a historical pattern. The pattern also comes from the book The Tudor Child: Clothing and Culture 1485 to 1625.<\/p><\/div><\/div>\t\t\t\t<\/div>\n\t\t\t\t<\/div>\n\t\t\t\t<div class=\"elementor-element elementor-element-c7c4978 elementor-position-top elementor-widget elementor-widget-image-box\" data-id=\"c7c4978\" data-element_type=\"widget\" data-e-type=\"widget\" data-widget_type=\"image-box.default\">\n\t\t\t\t<div class=\"elementor-widget-container\">\n\t\t\t\t\t<div class=\"elementor-image-box-wrapper\"><figure class=\"elementor-image-box-img\"><a href=\"https:\/\/www.londonmuseum.org.uk\/blog\/tudor-knitting-in-london\/\" target=\"_blank\" tabindex=\"-1\"><img loading=\"lazy\" decoding=\"async\" width=\"626\" height=\"939\" src=\"https:\/\/illyriantailor.com\/wp-content\/uploads\/2025\/02\/Kosik.jpg\" class=\"attachment-full size-full wp-image-6195\" alt=\"\" srcset=\"https:\/\/illyriantailor.com\/wp-content\/uploads\/2025\/02\/Kosik.jpg 626w, https:\/\/illyriantailor.com\/wp-content\/uploads\/2025\/02\/Kosik-200x300.jpg 200w, https:\/\/illyriantailor.com\/wp-content\/uploads\/2025\/02\/Kosik-8x12.jpg 8w\" sizes=\"(max-width: 626px) 100vw, 626px\" \/><\/a><\/figure><div class=\"elementor-image-box-content\"><p class=\"elementor-image-box-description\">The basket is an integral part of the outfit. We usually bring it home with a collection of flowers from a historical event. <\/p><\/div><\/div>\t\t\t\t<\/div>\n\t\t\t\t<\/div>\n\t\t\t\t<div class=\"elementor-element elementor-element-01a215c elementor-position-top elementor-widget elementor-widget-image-box\" data-id=\"01a215c\" data-element_type=\"widget\" data-e-type=\"widget\" data-widget_type=\"image-box.default\">\n\t\t\t\t<div class=\"elementor-widget-container\">\n\t\t\t\t\t<div class=\"elementor-image-box-wrapper\"><figure class=\"elementor-image-box-img\"><img loading=\"lazy\" decoding=\"async\" width=\"1920\" height=\"1440\" src=\"https:\/\/illyriantailor.com\/wp-content\/uploads\/2022\/07\/326448601_765951488473985_2326837501747723809_n.webp\" class=\"attachment-full size-full wp-image-5126\" alt=\"nadobi\" srcset=\"https:\/\/illyriantailor.com\/wp-content\/uploads\/2022\/07\/326448601_765951488473985_2326837501747723809_n.webp 1920w, https:\/\/illyriantailor.com\/wp-content\/uploads\/2022\/07\/326448601_765951488473985_2326837501747723809_n-300x225.webp 300w, https:\/\/illyriantailor.com\/wp-content\/uploads\/2022\/07\/326448601_765951488473985_2326837501747723809_n-1024x768.webp 1024w, https:\/\/illyriantailor.com\/wp-content\/uploads\/2022\/07\/326448601_765951488473985_2326837501747723809_n-768x576.webp 768w, https:\/\/illyriantailor.com\/wp-content\/uploads\/2022\/07\/326448601_765951488473985_2326837501747723809_n-1536x1152.webp 1536w, https:\/\/illyriantailor.com\/wp-content\/uploads\/2022\/07\/326448601_765951488473985_2326837501747723809_n-16x12.webp 16w\" sizes=\"(max-width: 1920px) 100vw, 1920px\" \/><\/figure><div class=\"elementor-image-box-content\"><p class=\"elementor-image-box-description\">Children's tableware is a must. I don't have any mugs for the children yet, so they drink from their favorite sports bottles, which we keep in a linen bag. I would definitely like to get them some, as they like to drink from ours. <\/p><\/div><\/div>\t\t\t\t<\/div>\n\t\t\t\t<\/div>\n\t\t\t\t<div class=\"elementor-element elementor-element-2806427 elementor-widget elementor-widget-image\" data-id=\"2806427\" data-element_type=\"widget\" data-e-type=\"widget\" data-widget_type=\"image.default\">\n\t\t\t\t<div class=\"elementor-widget-container\">\n\t\t\t\t\t\t\t\t\t\t\t\t\t\t\t<img loading=\"lazy\" decoding=\"async\" width=\"576\" height=\"1024\" src=\"https:\/\/illyriantailor.com\/wp-content\/uploads\/2022\/07\/325158070_628660202357024_8062948450574269066_n-576x1024.webp\" class=\"attachment-large size-large wp-image-5115\" alt=\"micky\" srcset=\"https:\/\/illyriantailor.com\/wp-content\/uploads\/2022\/07\/325158070_628660202357024_8062948450574269066_n-576x1024.webp 576w, https:\/\/illyriantailor.com\/wp-content\/uploads\/2022\/07\/325158070_628660202357024_8062948450574269066_n-169x300.webp 169w, https:\/\/illyriantailor.com\/wp-content\/uploads\/2022\/07\/325158070_628660202357024_8062948450574269066_n-768x1365.webp 768w, https:\/\/illyriantailor.com\/wp-content\/uploads\/2022\/07\/325158070_628660202357024_8062948450574269066_n-864x1536.webp 864w, https:\/\/illyriantailor.com\/wp-content\/uploads\/2022\/07\/325158070_628660202357024_8062948450574269066_n-7x12.webp 7w, https:\/\/illyriantailor.com\/wp-content\/uploads\/2022\/07\/325158070_628660202357024_8062948450574269066_n.webp 1080w\" sizes=\"(max-width: 576px) 100vw, 576px\" \/>\t\t\t\t\t\t\t\t\t\t\t\t\t\t\t<\/div>\n\t\t\t\t<\/div>\n\t\t\t\t\t<\/div>\n\t\t<\/div>\n\t\t\t\t\t<\/div>\n\t\t<\/section>\n\t\t\t\t<section class=\"elementor-section elementor-top-section elementor-element elementor-element-1c650f5 elementor-section-boxed elementor-section-height-default elementor-section-height-default\" data-id=\"1c650f5\" data-element_type=\"section\" data-e-type=\"section\">\n\t\t\t\t\t\t<div class=\"elementor-container elementor-column-gap-default\">\n\t\t\t\t\t<div class=\"elementor-column elementor-col-100 elementor-top-column elementor-element elementor-element-9cfcc60\" data-id=\"9cfcc60\" data-element_type=\"column\" data-e-type=\"column\">\n\t\t\t<div class=\"elementor-widget-wrap elementor-element-populated\">\n\t\t\t\t\t\t<div class=\"elementor-element elementor-element-ebdbbee elementor-widget elementor-widget-text-editor\" data-id=\"ebdbbee\" data-element_type=\"widget\" data-e-type=\"widget\" data-widget_type=\"text-editor.default\">\n\t\t\t\t<div class=\"elementor-widget-container\">\n\t\t\t\t\t\t\t\t\t<p align=\"center\">My daughter carries balls to play with in her basket. Leather balls were the first period toys I made for children. The inspiration came from nowhere else but again from <strong><a href=\"https:\/\/en.wikipedia.org\/wiki\/Children%27s_Games_(Bruegel)\" target=\"_blank\" rel=\"noopener\">Bruegel\u00b4s Children Games<\/a><\/strong> and at the same time archaeological findings that show us different types of marbles and balls. Balls from <strong><a href=\"https:\/\/www.harboroughmuseum.org.uk\/displays\/growing-up\/?slide=1\" target=\"_blank\" rel=\"noopener\">Harborough Market<\/a><\/strong> held together with clay and are lined with cloth or leather. Tennis ball from <strong><a href=\"https:\/\/www.londonmuseum.org.uk\/collections\/v\/object-119138\/tennis-ball\/\" target=\"_blank\" rel=\"noopener\">the London Museum<\/a><\/strong> is made of leather with dog hair filling.<\/p>\t\t\t\t\t\t\t\t<\/div>\n\t\t\t\t<\/div>\n\t\t\t\t<div class=\"elementor-element elementor-element-28b3b19 elementor-position-top elementor-widget elementor-widget-image-box\" data-id=\"28b3b19\" data-element_type=\"widget\" data-e-type=\"widget\" data-widget_type=\"image-box.default\">\n\t\t\t\t<div class=\"elementor-widget-container\">\n\t\t\t\t\t<div class=\"elementor-image-box-wrapper\"><figure class=\"elementor-image-box-img\"><img loading=\"lazy\" decoding=\"async\" width=\"1538\" height=\"2048\" src=\"https:\/\/illyriantailor.com\/wp-content\/uploads\/2025\/02\/IMG-20250429-WA0008.jpg\" class=\"attachment-full size-full wp-image-6211\" alt=\"\" srcset=\"https:\/\/illyriantailor.com\/wp-content\/uploads\/2025\/02\/IMG-20250429-WA0008.jpg 1538w, https:\/\/illyriantailor.com\/wp-content\/uploads\/2025\/02\/IMG-20250429-WA0008-225x300.jpg 225w, https:\/\/illyriantailor.com\/wp-content\/uploads\/2025\/02\/IMG-20250429-WA0008-769x1024.jpg 769w, https:\/\/illyriantailor.com\/wp-content\/uploads\/2025\/02\/IMG-20250429-WA0008-768x1023.jpg 768w, https:\/\/illyriantailor.com\/wp-content\/uploads\/2025\/02\/IMG-20250429-WA0008-1154x1536.jpg 1154w, https:\/\/illyriantailor.com\/wp-content\/uploads\/2025\/02\/IMG-20250429-WA0008-9x12.jpg 9w\" sizes=\"(max-width: 1538px) 100vw, 1538px\" \/><\/figure><div class=\"elementor-image-box-content\"><p class=\"elementor-image-box-description\">Our very first children's costume: a coat, dress\/petticoat, wool socks, coif, and leather shoes. We loved wearing it, and it served two children very well. Now we have a new outfit for a girl. Just a reminder: I once described the sewing of the first children's (gender-neutral) outfit on my blog, including a detailed description of all its accessories. <\/p><\/div><\/div>\t\t\t\t<\/div>\n\t\t\t\t<\/div>\n\t\t\t\t\t<\/div>\n\t\t<\/div>\n\t\t\t\t\t<\/div>\n\t\t<\/section>\n\t\t\t\t<section class=\"elementor-section elementor-top-section elementor-element elementor-element-e21efc7 elementor-section-boxed elementor-section-height-default elementor-section-height-default\" data-id=\"e21efc7\" data-element_type=\"section\" data-e-type=\"section\">\n\t\t\t\t\t\t<div class=\"elementor-container elementor-column-gap-default\">\n\t\t\t\t\t<div class=\"elementor-column elementor-col-100 elementor-top-column elementor-element elementor-element-57a0c43\" data-id=\"57a0c43\" data-element_type=\"column\" data-e-type=\"column\">\n\t\t\t<div class=\"elementor-widget-wrap elementor-element-populated\">\n\t\t\t\t\t\t<div class=\"elementor-element elementor-element-98e9269 elementor-widget elementor-widget-heading\" data-id=\"98e9269\" data-element_type=\"widget\" data-e-type=\"widget\" data-widget_type=\"heading.default\">\n\t\t\t\t<div class=\"elementor-widget-container\">\n\t\t\t\t\t<h2 class=\"elementor-heading-title elementor-size-default\">What did I use?<\/h2>\t\t\t\t<\/div>\n\t\t\t\t<\/div>\n\t\t\t\t\t<\/div>\n\t\t<\/div>\n\t\t\t\t\t<\/div>\n\t\t<\/section>\n\t\t\t\t<section class=\"elementor-section elementor-top-section elementor-element elementor-element-3ddca84 elementor-section-boxed elementor-section-height-default elementor-section-height-default\" data-id=\"3ddca84\" data-element_type=\"section\" data-e-type=\"section\">\n\t\t\t\t\t\t<div class=\"elementor-container elementor-column-gap-default\">\n\t\t\t\t\t<div class=\"elementor-column elementor-col-100 elementor-top-column elementor-element elementor-element-c19f92c\" data-id=\"c19f92c\" data-element_type=\"column\" data-e-type=\"column\">\n\t\t\t<div class=\"elementor-widget-wrap elementor-element-populated\">\n\t\t\t\t\t\t<div class=\"elementor-element elementor-element-84dffbb elementor-widget elementor-widget-heading\" data-id=\"84dffbb\" data-element_type=\"widget\" data-e-type=\"widget\" data-widget_type=\"heading.default\">\n\t\t\t\t<div class=\"elementor-widget-container\">\n\t\t\t\t\t<h3 class=\"elementor-heading-title elementor-size-default\">For the shirt:<\/h3>\t\t\t\t<\/div>\n\t\t\t\t<\/div>\n\t\t\t\t\t<\/div>\n\t\t<\/div>\n\t\t\t\t\t<\/div>\n\t\t<\/section>\n\t\t\t\t<section class=\"elementor-section elementor-top-section elementor-element elementor-element-5b20d05 elementor-section-boxed elementor-section-height-default elementor-section-height-default\" data-id=\"5b20d05\" data-element_type=\"section\" data-e-type=\"section\">\n\t\t\t\t\t\t<div class=\"elementor-container elementor-column-gap-default\">\n\t\t\t\t\t<div class=\"elementor-column elementor-col-100 elementor-top-column elementor-element elementor-element-1d4af4f\" data-id=\"1d4af4f\" data-element_type=\"column\" data-e-type=\"column\">\n\t\t\t<div class=\"elementor-widget-wrap elementor-element-populated\">\n\t\t\t\t\t\t<div class=\"elementor-element elementor-element-49a8728 elementor-icon-list--layout-traditional elementor-list-item-link-full_width elementor-widget elementor-widget-icon-list\" data-id=\"49a8728\" data-element_type=\"widget\" data-e-type=\"widget\" data-widget_type=\"icon-list.default\">\n\t\t\t\t<div class=\"elementor-widget-container\">\n\t\t\t\t\t\t\t<ul class=\"elementor-icon-list-items\">\n\t\t\t\t\t\t\t<li class=\"elementor-icon-list-item\">\n\t\t\t\t\t\t\t\t\t\t\t<a href=\"https:\/\/www.lh-shop.cz\/index.php?page=shop.product_details&category_id=105&flypage=trh_flypage.tpl&product_id=3951&option=com_virtuemart&Itemid=5&lang=cs&vmcchk=1&Itemid=5\" target=\"_blank\">\n\n\t\t\t\t\t\t\t\t\t\t\t\t<span class=\"elementor-icon-list-icon\">\n\t\t\t\t\t\t\t<i aria-hidden=\"true\" class=\"fas fa-female\"><\/i>\t\t\t\t\t\t<\/span>\n\t\t\t\t\t\t\t\t\t\t<span class=\"elementor-icon-list-text\">Medium-weight white linen from the LH shop and unknown remnants of white linen of various origins<\/span>\n\t\t\t\t\t\t\t\t\t\t\t<\/a>\n\t\t\t\t\t\t\t\t\t<\/li>\n\t\t\t\t\t\t\t\t<li class=\"elementor-icon-list-item\">\n\t\t\t\t\t\t\t\t\t\t\t<a href=\"https:\/\/kutil-florenc.cz\/knoflikova-nit-lnena-kovarska-rezna-p4488\" target=\"_blank\">\n\n\t\t\t\t\t\t\t\t\t\t\t\t<span class=\"elementor-icon-list-icon\">\n\t\t\t\t\t\t\t<i aria-hidden=\"true\" class=\"fas fa-female\"><\/i>\t\t\t\t\t\t<\/span>\n\t\t\t\t\t\t\t\t\t\t<span class=\"elementor-icon-list-text\">White linen blacksmith thread<\/span>\n\t\t\t\t\t\t\t\t\t\t\t<\/a>\n\t\t\t\t\t\t\t\t\t<\/li>\n\t\t\t\t\t\t<\/ul>\n\t\t\t\t\t\t<\/div>\n\t\t\t\t<\/div>\n\t\t\t\t\t<\/div>\n\t\t<\/div>\n\t\t\t\t\t<\/div>\n\t\t<\/section>\n\t\t\t\t<section class=\"elementor-section elementor-top-section elementor-element elementor-element-146a2d5 elementor-section-boxed elementor-section-height-default elementor-section-height-default\" data-id=\"146a2d5\" data-element_type=\"section\" data-e-type=\"section\">\n\t\t\t\t\t\t<div class=\"elementor-container elementor-column-gap-default\">\n\t\t\t\t\t<div class=\"elementor-column elementor-col-100 elementor-top-column elementor-element elementor-element-4194161\" data-id=\"4194161\" data-element_type=\"column\" data-e-type=\"column\">\n\t\t\t<div class=\"elementor-widget-wrap elementor-element-populated\">\n\t\t\t\t\t\t<div class=\"elementor-element elementor-element-5b76aa0 elementor-widget elementor-widget-heading\" data-id=\"5b76aa0\" data-element_type=\"widget\" data-e-type=\"widget\" data-widget_type=\"heading.default\">\n\t\t\t\t<div class=\"elementor-widget-container\">\n\t\t\t\t\t<h3 class=\"elementor-heading-title elementor-size-default\">For the kirtle<\/h3>\t\t\t\t<\/div>\n\t\t\t\t<\/div>\n\t\t\t\t<div class=\"elementor-element elementor-element-d4e2515 elementor-icon-list--layout-traditional elementor-list-item-link-full_width elementor-widget elementor-widget-icon-list\" data-id=\"d4e2515\" data-element_type=\"widget\" data-e-type=\"widget\" data-widget_type=\"icon-list.default\">\n\t\t\t\t<div class=\"elementor-widget-container\">\n\t\t\t\t\t\t\t<ul class=\"elementor-icon-list-items\">\n\t\t\t\t\t\t\t<li class=\"elementor-icon-list-item\">\n\t\t\t\t\t\t\t\t\t\t\t<a href=\"https:\/\/www.facebook.com\/italtes\/\" target=\"_blank\">\n\n\t\t\t\t\t\t\t\t\t\t\t\t<span class=\"elementor-icon-list-icon\">\n\t\t\t\t\t\t\t<i aria-hidden=\"true\" class=\"fas fa-female\"><\/i>\t\t\t\t\t\t<\/span>\n\t\t\t\t\t\t\t\t\t\t<span class=\"elementor-icon-list-text\">A soft medium-weight purple-burgundy wool fabric purchased as a remnant at a Belgrade store selling Italian fabrics by the kilo, Italtes.<\/span>\n\t\t\t\t\t\t\t\t\t\t\t<\/a>\n\t\t\t\t\t\t\t\t\t<\/li>\n\t\t\t\t\t\t\t\t<li class=\"elementor-icon-list-item\">\n\t\t\t\t\t\t\t\t\t\t\t<a href=\"https:\/\/www.etsy.com\/shop\/GaliaCouture\" target=\"_blank\">\n\n\t\t\t\t\t\t\t\t\t\t\t\t<span class=\"elementor-icon-list-icon\">\n\t\t\t\t\t\t\t<i aria-hidden=\"true\" class=\"fas fa-female\"><\/i>\t\t\t\t\t\t<\/span>\n\t\t\t\t\t\t\t\t\t\t<span class=\"elementor-icon-list-text\">Pink linen made from fabric scraps supplied by my friend Galia, who sews under the Galia Couture brand. <\/span>\n\t\t\t\t\t\t\t\t\t\t\t<\/a>\n\t\t\t\t\t\t\t\t\t<\/li>\n\t\t\t\t\t\t\t\t<li class=\"elementor-icon-list-item\">\n\t\t\t\t\t\t\t\t\t\t\t<a href=\"https:\/\/www.sartor.cz\/lnene-nite\/\" target=\"_blank\">\n\n\t\t\t\t\t\t\t\t\t\t\t\t<span class=\"elementor-icon-list-icon\">\n\t\t\t\t\t\t\t<i aria-hidden=\"true\" class=\"fas fa-female\"><\/i>\t\t\t\t\t\t<\/span>\n\t\t\t\t\t\t\t\t\t\t<span class=\"elementor-icon-list-text\">Dark red\/burgundy and gray linen thread from Sartor<\/span>\n\t\t\t\t\t\t\t\t\t\t\t<\/a>\n\t\t\t\t\t\t\t\t\t<\/li>\n\t\t\t\t\t\t\t\t<li class=\"elementor-icon-list-item\">\n\t\t\t\t\t\t\t\t\t\t\t<a href=\"https:\/\/www.koralky.cz\/\" target=\"_blank\">\n\n\t\t\t\t\t\t\t\t\t\t\t\t<span class=\"elementor-icon-list-icon\">\n\t\t\t\t\t\t\t<i aria-hidden=\"true\" class=\"fas fa-female\"><\/i>\t\t\t\t\t\t<\/span>\n\t\t\t\t\t\t\t\t\t\t<span class=\"elementor-icon-list-text\">Brass wire from Manumi for bending hooks for fastening<\/span>\n\t\t\t\t\t\t\t\t\t\t\t<\/a>\n\t\t\t\t\t\t\t\t\t<\/li>\n\t\t\t\t\t\t<\/ul>\n\t\t\t\t\t\t<\/div>\n\t\t\t\t<\/div>\n\t\t\t\t<div class=\"elementor-element elementor-element-9da246d elementor-widget elementor-widget-heading\" data-id=\"9da246d\" data-element_type=\"widget\" data-e-type=\"widget\" data-widget_type=\"heading.default\">\n\t\t\t\t<div class=\"elementor-widget-container\">\n\t\t\t\t\t<h3 class=\"elementor-heading-title elementor-size-default\">For the coat \/ warm dress<\/h3>\t\t\t\t<\/div>\n\t\t\t\t<\/div>\n\t\t\t\t\t<\/div>\n\t\t<\/div>\n\t\t\t\t\t<\/div>\n\t\t<\/section>\n\t\t\t\t<section class=\"elementor-section elementor-top-section elementor-element elementor-element-af04240 elementor-section-boxed elementor-section-height-default elementor-section-height-default\" data-id=\"af04240\" data-element_type=\"section\" data-e-type=\"section\">\n\t\t\t\t\t\t<div class=\"elementor-container elementor-column-gap-default\">\n\t\t\t\t\t<div class=\"elementor-column elementor-col-100 elementor-top-column elementor-element elementor-element-307c5ec\" data-id=\"307c5ec\" data-element_type=\"column\" data-e-type=\"column\">\n\t\t\t<div class=\"elementor-widget-wrap elementor-element-populated\">\n\t\t\t\t\t\t<div class=\"elementor-element elementor-element-4d53995 elementor-icon-list--layout-traditional elementor-list-item-link-full_width elementor-widget elementor-widget-icon-list\" data-id=\"4d53995\" data-element_type=\"widget\" data-e-type=\"widget\" data-widget_type=\"icon-list.default\">\n\t\t\t\t<div class=\"elementor-widget-container\">\n\t\t\t\t\t\t\t<ul class=\"elementor-icon-list-items\">\n\t\t\t\t\t\t\t<li class=\"elementor-icon-list-item\">\n\t\t\t\t\t\t\t\t\t\t\t<a href=\"https:\/\/www.wooltrade.cz\/\" target=\"_blank\">\n\n\t\t\t\t\t\t\t\t\t\t\t\t<span class=\"elementor-icon-list-icon\">\n\t\t\t\t\t\t\t<i aria-hidden=\"true\" class=\"fas fa-female\"><\/i>\t\t\t\t\t\t<\/span>\n\t\t\t\t\t\t\t\t\t\t<span class=\"elementor-icon-list-text\">Medium thick navy 100% wool from Wooltrade<\/span>\n\t\t\t\t\t\t\t\t\t\t\t<\/a>\n\t\t\t\t\t\t\t\t\t<\/li>\n\t\t\t\t\t\t\t\t<li class=\"elementor-icon-list-item\">\n\t\t\t\t\t\t\t\t\t\t\t<a href=\"https:\/\/www.facebook.com\/italtes\/\" target=\"_blank\">\n\n\t\t\t\t\t\t\t\t\t\t\t\t<span class=\"elementor-icon-list-icon\">\n\t\t\t\t\t\t\t<i aria-hidden=\"true\" class=\"fas fa-female\"><\/i>\t\t\t\t\t\t<\/span>\n\t\t\t\t\t\t\t\t\t\t<span class=\"elementor-icon-list-text\">Light blue-gray linen purchased as a remnant with a defect (the color of the linen is not uniform) at a Belgrade store selling Italian fabrics by the kilo, Italtes<\/span>\n\t\t\t\t\t\t\t\t\t\t\t<\/a>\n\t\t\t\t\t\t\t\t\t<\/li>\n\t\t\t\t\t\t\t\t<li class=\"elementor-icon-list-item\">\n\t\t\t\t\t\t\t\t\t\t\t<a href=\"https:\/\/www.sartor.cz\/lnene-nite\/\" target=\"_blank\">\n\n\t\t\t\t\t\t\t\t\t\t\t\t<span class=\"elementor-icon-list-icon\">\n\t\t\t\t\t\t\t<i aria-hidden=\"true\" class=\"fas fa-female\"><\/i>\t\t\t\t\t\t<\/span>\n\t\t\t\t\t\t\t\t\t\t<span class=\"elementor-icon-list-text\">Gray linen thread from Sartor<\/span>\n\t\t\t\t\t\t\t\t\t\t\t<\/a>\n\t\t\t\t\t\t\t\t\t<\/li>\n\t\t\t\t\t\t\t\t<li class=\"elementor-icon-list-item\">\n\t\t\t\t\t\t\t\t\t\t\t<a href=\"https:\/\/www.koralky.cz\/\" target=\"_blank\">\n\n\t\t\t\t\t\t\t\t\t\t\t\t<span class=\"elementor-icon-list-icon\">\n\t\t\t\t\t\t\t<i aria-hidden=\"true\" class=\"fas fa-female\"><\/i>\t\t\t\t\t\t<\/span>\n\t\t\t\t\t\t\t\t\t\t<span class=\"elementor-icon-list-text\">Brass wire from Manumi for bending hooks for fastening<\/span>\n\t\t\t\t\t\t\t\t\t\t\t<\/a>\n\t\t\t\t\t\t\t\t\t<\/li>\n\t\t\t\t\t\t<\/ul>\n\t\t\t\t\t\t<\/div>\n\t\t\t\t<\/div>\n\t\t\t\t\t<\/div>\n\t\t<\/div>\n\t\t\t\t\t<\/div>\n\t\t<\/section>\n\t\t\t\t<section class=\"elementor-section elementor-top-section elementor-element elementor-element-b578ed3 elementor-section-boxed elementor-section-height-default elementor-section-height-default\" data-id=\"b578ed3\" data-element_type=\"section\" data-e-type=\"section\">\n\t\t\t\t\t\t<div class=\"elementor-container elementor-column-gap-default\">\n\t\t\t\t\t<div class=\"elementor-column elementor-col-100 elementor-top-column elementor-element elementor-element-f7dc5ad\" data-id=\"f7dc5ad\" data-element_type=\"column\" data-e-type=\"column\">\n\t\t\t<div class=\"elementor-widget-wrap elementor-element-populated\">\n\t\t\t\t\t\t<div class=\"elementor-element elementor-element-18a89fa elementor-widget elementor-widget-heading\" data-id=\"18a89fa\" data-element_type=\"widget\" data-e-type=\"widget\" data-widget_type=\"heading.default\">\n\t\t\t\t<div class=\"elementor-widget-container\">\n\t\t\t\t\t<h3 class=\"elementor-heading-title elementor-size-default\">For the apron<\/h3>\t\t\t\t<\/div>\n\t\t\t\t<\/div>\n\t\t\t\t\t<\/div>\n\t\t<\/div>\n\t\t\t\t\t<\/div>\n\t\t<\/section>\n\t\t\t\t<section class=\"elementor-section elementor-top-section elementor-element elementor-element-77e136c elementor-section-boxed elementor-section-height-default elementor-section-height-default\" data-id=\"77e136c\" data-element_type=\"section\" data-e-type=\"section\">\n\t\t\t\t\t\t<div class=\"elementor-container elementor-column-gap-default\">\n\t\t\t\t\t<div class=\"elementor-column elementor-col-100 elementor-top-column elementor-element elementor-element-711f4af\" data-id=\"711f4af\" data-element_type=\"column\" data-e-type=\"column\">\n\t\t\t<div class=\"elementor-widget-wrap elementor-element-populated\">\n\t\t\t\t\t\t<div class=\"elementor-element elementor-element-ff23b2c elementor-icon-list--layout-traditional elementor-list-item-link-full_width elementor-widget elementor-widget-icon-list\" data-id=\"ff23b2c\" data-element_type=\"widget\" data-e-type=\"widget\" data-widget_type=\"icon-list.default\">\n\t\t\t\t<div class=\"elementor-widget-container\">\n\t\t\t\t\t\t\t<ul class=\"elementor-icon-list-items\">\n\t\t\t\t\t\t\t<li class=\"elementor-icon-list-item\">\n\t\t\t\t\t\t\t\t\t\t\t<a href=\"https:\/\/www.etsy.com\/shop\/GaliaCouture\" target=\"_blank\">\n\n\t\t\t\t\t\t\t\t\t\t\t\t<span class=\"elementor-icon-list-icon\">\n\t\t\t\t\t\t\t<i aria-hidden=\"true\" class=\"fas fa-female\"><\/i>\t\t\t\t\t\t<\/span>\n\t\t\t\t\t\t\t\t\t\t<span class=\"elementor-icon-list-text\">Mustard-colored linen again from the remnants of the Galia Couture studio<\/span>\n\t\t\t\t\t\t\t\t\t\t\t<\/a>\n\t\t\t\t\t\t\t\t\t<\/li>\n\t\t\t\t\t\t\t\t<li class=\"elementor-icon-list-item\">\n\t\t\t\t\t\t\t\t\t\t\t<a href=\"https:\/\/www.sartor.cz\/lnene-nite\/\" target=\"_blank\">\n\n\t\t\t\t\t\t\t\t\t\t\t\t<span class=\"elementor-icon-list-icon\">\n\t\t\t\t\t\t\t<i aria-hidden=\"true\" class=\"fas fa-female\"><\/i>\t\t\t\t\t\t<\/span>\n\t\t\t\t\t\t\t\t\t\t<span class=\"elementor-icon-list-text\">Yellow linen thread from Sartor<\/span>\n\t\t\t\t\t\t\t\t\t\t\t<\/a>\n\t\t\t\t\t\t\t\t\t<\/li>\n\t\t\t\t\t\t<\/ul>\n\t\t\t\t\t\t<\/div>\n\t\t\t\t<\/div>\n\t\t\t\t\t<\/div>\n\t\t<\/div>\n\t\t\t\t\t<\/div>\n\t\t<\/section>\n\t\t\t\t<section class=\"elementor-section elementor-top-section elementor-element elementor-element-11b7482 elementor-section-boxed elementor-section-height-default elementor-section-height-default\" data-id=\"11b7482\" data-element_type=\"section\" data-e-type=\"section\">\n\t\t\t\t\t\t<div class=\"elementor-container elementor-column-gap-default\">\n\t\t\t\t\t<div class=\"elementor-column elementor-col-100 elementor-top-column elementor-element elementor-element-905a6aa\" data-id=\"905a6aa\" data-element_type=\"column\" data-e-type=\"column\">\n\t\t\t<div class=\"elementor-widget-wrap elementor-element-populated\">\n\t\t\t\t\t\t<div class=\"elementor-element elementor-element-7af529e elementor-widget elementor-widget-heading\" data-id=\"7af529e\" data-element_type=\"widget\" data-e-type=\"widget\" data-widget_type=\"heading.default\">\n\t\t\t\t<div class=\"elementor-widget-container\">\n\t\t\t\t\t<h3 class=\"elementor-heading-title elementor-size-default\">For a bonnet:<\/h3>\t\t\t\t<\/div>\n\t\t\t\t<\/div>\n\t\t\t\t\t<\/div>\n\t\t<\/div>\n\t\t\t\t\t<\/div>\n\t\t<\/section>\n\t\t\t\t<section class=\"elementor-section elementor-top-section elementor-element elementor-element-c6eb51f elementor-section-boxed elementor-section-height-default elementor-section-height-default\" data-id=\"c6eb51f\" data-element_type=\"section\" data-e-type=\"section\">\n\t\t\t\t\t\t<div class=\"elementor-container elementor-column-gap-default\">\n\t\t\t\t\t<div class=\"elementor-column elementor-col-100 elementor-top-column elementor-element elementor-element-a5ac4e4\" data-id=\"a5ac4e4\" data-element_type=\"column\" data-e-type=\"column\">\n\t\t\t<div class=\"elementor-widget-wrap elementor-element-populated\">\n\t\t\t\t\t\t<div class=\"elementor-element elementor-element-d309f27 elementor-icon-list--layout-traditional elementor-list-item-link-full_width elementor-widget elementor-widget-icon-list\" data-id=\"d309f27\" data-element_type=\"widget\" data-e-type=\"widget\" data-widget_type=\"icon-list.default\">\n\t\t\t\t<div class=\"elementor-widget-container\">\n\t\t\t\t\t\t\t<ul class=\"elementor-icon-list-items\">\n\t\t\t\t\t\t\t<li class=\"elementor-icon-list-item\">\n\t\t\t\t\t\t\t\t\t\t\t<span class=\"elementor-icon-list-icon\">\n\t\t\t\t\t\t\t<i aria-hidden=\"true\" class=\"fas fa-female\"><\/i>\t\t\t\t\t\t<\/span>\n\t\t\t\t\t\t\t\t\t\t<span class=\"elementor-icon-list-text\">Gray wool from the remains of fabrics of unknown origin<\/span>\n\t\t\t\t\t\t\t\t\t<\/li>\n\t\t\t\t\t\t\t\t<li class=\"elementor-icon-list-item\">\n\t\t\t\t\t\t\t\t\t\t\t<span class=\"elementor-icon-list-icon\">\n\t\t\t\t\t\t\t<i aria-hidden=\"true\" class=\"fas fa-female\"><\/i>\t\t\t\t\t\t<\/span>\n\t\t\t\t\t\t\t\t\t\t<span class=\"elementor-icon-list-text\">Soft beige and gray linen from the remains of fabrics of unknown origin<\/span>\n\t\t\t\t\t\t\t\t\t<\/li>\n\t\t\t\t\t\t\t\t<li class=\"elementor-icon-list-item\">\n\t\t\t\t\t\t\t\t\t\t\t<a href=\"https:\/\/www.sartor.cz\/lnene-nite\/\" target=\"_blank\">\n\n\t\t\t\t\t\t\t\t\t\t\t\t<span class=\"elementor-icon-list-icon\">\n\t\t\t\t\t\t\t<i aria-hidden=\"true\" class=\"fas fa-female\"><\/i>\t\t\t\t\t\t<\/span>\n\t\t\t\t\t\t\t\t\t\t<span class=\"elementor-icon-list-text\">Gray linen thread<\/span>\n\t\t\t\t\t\t\t\t\t\t\t<\/a>\n\t\t\t\t\t\t\t\t\t<\/li>\n\t\t\t\t\t\t<\/ul>\n\t\t\t\t\t\t<\/div>\n\t\t\t\t<\/div>\n\t\t\t\t\t<\/div>\n\t\t<\/div>\n\t\t\t\t\t<\/div>\n\t\t<\/section>\n\t\t\t\t<section class=\"elementor-section elementor-top-section elementor-element elementor-element-4aaac91 elementor-section-boxed elementor-section-height-default elementor-section-height-default\" data-id=\"4aaac91\" data-element_type=\"section\" data-e-type=\"section\">\n\t\t\t\t\t\t<div class=\"elementor-container elementor-column-gap-default\">\n\t\t\t\t\t<div class=\"elementor-column elementor-col-100 elementor-top-column elementor-element elementor-element-8e4348c\" data-id=\"8e4348c\" data-element_type=\"column\" data-e-type=\"column\">\n\t\t\t<div class=\"elementor-widget-wrap elementor-element-populated\">\n\t\t\t\t\t\t<div class=\"elementor-element elementor-element-74d0dc6 elementor-widget elementor-widget-heading\" data-id=\"74d0dc6\" data-element_type=\"widget\" data-e-type=\"widget\" data-widget_type=\"heading.default\">\n\t\t\t\t<div class=\"elementor-widget-container\">\n\t\t\t\t\t<h3 class=\"elementor-heading-title elementor-size-default\">For the balls:<\/h3>\t\t\t\t<\/div>\n\t\t\t\t<\/div>\n\t\t\t\t\t<\/div>\n\t\t<\/div>\n\t\t\t\t\t<\/div>\n\t\t<\/section>\n\t\t\t\t<section class=\"elementor-section elementor-top-section elementor-element elementor-element-2d9f71c elementor-section-boxed elementor-section-height-default elementor-section-height-default\" data-id=\"2d9f71c\" data-element_type=\"section\" data-e-type=\"section\">\n\t\t\t\t\t\t<div class=\"elementor-container elementor-column-gap-default\">\n\t\t\t\t\t<div class=\"elementor-column elementor-col-100 elementor-top-column elementor-element elementor-element-6981c0e\" data-id=\"6981c0e\" data-element_type=\"column\" data-e-type=\"column\">\n\t\t\t<div class=\"elementor-widget-wrap elementor-element-populated\">\n\t\t\t\t\t\t<div class=\"elementor-element elementor-element-3681585 elementor-icon-list--layout-traditional elementor-list-item-link-full_width elementor-widget elementor-widget-icon-list\" data-id=\"3681585\" data-element_type=\"widget\" data-e-type=\"widget\" data-widget_type=\"icon-list.default\">\n\t\t\t\t<div class=\"elementor-widget-container\">\n\t\t\t\t\t\t\t<ul class=\"elementor-icon-list-items\">\n\t\t\t\t\t\t\t<li class=\"elementor-icon-list-item\">\n\t\t\t\t\t\t\t\t\t\t\t<span class=\"elementor-icon-list-icon\">\n\t\t\t\t\t\t\t<i aria-hidden=\"true\" class=\"fas fa-female\"><\/i>\t\t\t\t\t\t<\/span>\n\t\t\t\t\t\t\t\t\t\t<span class=\"elementor-icon-list-text\">Remnants of thin leather<\/span>\n\t\t\t\t\t\t\t\t\t<\/li>\n\t\t\t\t\t\t\t\t<li class=\"elementor-icon-list-item\">\n\t\t\t\t\t\t\t\t\t\t\t<span class=\"elementor-icon-list-icon\">\n\t\t\t\t\t\t\t<i aria-hidden=\"true\" class=\"fas fa-female\"><\/i>\t\t\t\t\t\t<\/span>\n\t\t\t\t\t\t\t\t\t\t<span class=\"elementor-icon-list-text\">Remnants of woolen fabrics<\/span>\n\t\t\t\t\t\t\t\t\t<\/li>\n\t\t\t\t\t\t\t\t<li class=\"elementor-icon-list-item\">\n\t\t\t\t\t\t\t\t\t\t\t<span class=\"elementor-icon-list-icon\">\n\t\t\t\t\t\t\t<i aria-hidden=\"true\" class=\"fas fa-female\"><\/i>\t\t\t\t\t\t<\/span>\n\t\t\t\t\t\t\t\t\t\t<span class=\"elementor-icon-list-text\">Brown cotton thread<\/span>\n\t\t\t\t\t\t\t\t\t<\/li>\n\t\t\t\t\t\t\t\t<li class=\"elementor-icon-list-item\">\n\t\t\t\t\t\t\t\t\t\t\t<a href=\"https:\/\/kutil-florenc.cz\/knoflikova-nit-lnena-kovarska-rezna-p4488\" target=\"_blank\">\n\n\t\t\t\t\t\t\t\t\t\t\t\t<span class=\"elementor-icon-list-icon\">\n\t\t\t\t\t\t\t<i aria-hidden=\"true\" class=\"fas fa-female\"><\/i>\t\t\t\t\t\t<\/span>\n\t\t\t\t\t\t\t\t\t\t<span class=\"elementor-icon-list-text\">Brown linen blacksmith thread<\/span>\n\t\t\t\t\t\t\t\t\t\t\t<\/a>\n\t\t\t\t\t\t\t\t\t<\/li>\n\t\t\t\t\t\t<\/ul>\n\t\t\t\t\t\t<\/div>\n\t\t\t\t<\/div>\n\t\t\t\t\t<\/div>\n\t\t<\/div>\n\t\t\t\t\t<\/div>\n\t\t<\/section>\n\t\t\t\t<section class=\"elementor-section elementor-top-section elementor-element elementor-element-35fa1a9 elementor-section-boxed elementor-section-height-default elementor-section-height-default\" data-id=\"35fa1a9\" data-element_type=\"section\" data-e-type=\"section\">\n\t\t\t\t\t\t<div class=\"elementor-container elementor-column-gap-default\">\n\t\t\t\t\t<div class=\"elementor-column elementor-col-100 elementor-top-column elementor-element elementor-element-4b6ac67\" data-id=\"4b6ac67\" data-element_type=\"column\" data-e-type=\"column\">\n\t\t\t<div class=\"elementor-widget-wrap elementor-element-populated\">\n\t\t\t\t\t\t<div class=\"elementor-element elementor-element-f3e588a elementor-widget elementor-widget-heading\" data-id=\"f3e588a\" data-element_type=\"widget\" data-e-type=\"widget\" data-widget_type=\"heading.default\">\n\t\t\t\t<div class=\"elementor-widget-container\">\n\t\t\t\t\t<h3 class=\"elementor-heading-title elementor-size-default\">For a doll<\/h3>\t\t\t\t<\/div>\n\t\t\t\t<\/div>\n\t\t\t\t\t<\/div>\n\t\t<\/div>\n\t\t\t\t\t<\/div>\n\t\t<\/section>\n\t\t\t\t<section class=\"elementor-section elementor-top-section elementor-element elementor-element-741970f elementor-section-boxed elementor-section-height-default elementor-section-height-default\" data-id=\"741970f\" data-element_type=\"section\" data-e-type=\"section\">\n\t\t\t\t\t\t<div class=\"elementor-container elementor-column-gap-default\">\n\t\t\t\t\t<div class=\"elementor-column elementor-col-100 elementor-top-column elementor-element elementor-element-2d9e97d\" data-id=\"2d9e97d\" data-element_type=\"column\" data-e-type=\"column\">\n\t\t\t<div class=\"elementor-widget-wrap elementor-element-populated\">\n\t\t\t\t\t\t<div class=\"elementor-element elementor-element-cfaffa2 elementor-icon-list--layout-traditional elementor-list-item-link-full_width elementor-widget elementor-widget-icon-list\" data-id=\"cfaffa2\" data-element_type=\"widget\" data-e-type=\"widget\" data-widget_type=\"icon-list.default\">\n\t\t\t\t<div class=\"elementor-widget-container\">\n\t\t\t\t\t\t\t<ul class=\"elementor-icon-list-items\">\n\t\t\t\t\t\t\t<li class=\"elementor-icon-list-item\">\n\t\t\t\t\t\t\t\t\t\t\t<a href=\"https:\/\/www.sevt.cz\/produkt\/vatova-hlavicka-s-oblicejem-mix-25035502790\/?utm_source=google&utm_medium=cpc&utm_campaign=11_Pmax%3A%20Bydlen%C3%AD%20a%20dekorace&utm_id=19393279431&gad_source=1&gad_campaignid=19400713607&gbraid=0AAAAAD9Sje8LAyxbq4Tge2S-GyNrnzHNv&gclid=Cj0KCQjw5ubABhDIARIsAHMighaFsLbWVcV_CUr6YkZ25hRzeiBjXEN-4E4rd6DWBlLMD-BmwIWlr-MaApB7EALw_wcB\" target=\"_blank\">\n\n\t\t\t\t\t\t\t\t\t\t\t\t<span class=\"elementor-icon-list-icon\">\n\t\t\t\t\t\t\t<i aria-hidden=\"true\" class=\"fas fa-female\"><\/i>\t\t\t\t\t\t<\/span>\n\t\t\t\t\t\t\t\t\t\t<span class=\"elementor-icon-list-text\">Cotton balls with faces (or without) from stationery stores<\/span>\n\t\t\t\t\t\t\t\t\t\t\t<\/a>\n\t\t\t\t\t\t\t\t\t<\/li>\n\t\t\t\t\t\t\t\t<li class=\"elementor-icon-list-item\">\n\t\t\t\t\t\t\t\t\t\t\t<span class=\"elementor-icon-list-icon\">\n\t\t\t\t\t\t\t<i aria-hidden=\"true\" class=\"fas fa-female\"><\/i>\t\t\t\t\t\t<\/span>\n\t\t\t\t\t\t\t\t\t\t<span class=\"elementor-icon-list-text\">Stick, skewer, or chopsticks<\/span>\n\t\t\t\t\t\t\t\t\t<\/li>\n\t\t\t\t\t\t\t\t<li class=\"elementor-icon-list-item\">\n\t\t\t\t\t\t\t\t\t\t\t<span class=\"elementor-icon-list-icon\">\n\t\t\t\t\t\t\t<i aria-hidden=\"true\" class=\"fas fa-female\"><\/i>\t\t\t\t\t\t<\/span>\n\t\t\t\t\t\t\t\t\t\t<span class=\"elementor-icon-list-text\">Wire<\/span>\n\t\t\t\t\t\t\t\t\t<\/li>\n\t\t\t\t\t\t\t\t<li class=\"elementor-icon-list-item\">\n\t\t\t\t\t\t\t\t\t\t\t<span class=\"elementor-icon-list-icon\">\n\t\t\t\t\t\t\t<i aria-hidden=\"true\" class=\"fas fa-female\"><\/i>\t\t\t\t\t\t<\/span>\n\t\t\t\t\t\t\t\t\t\t<span class=\"elementor-icon-list-text\">Beige\/skin color linen remnants<\/span>\n\t\t\t\t\t\t\t\t\t<\/li>\n\t\t\t\t\t\t\t\t<li class=\"elementor-icon-list-item\">\n\t\t\t\t\t\t\t\t\t\t\t<span class=\"elementor-icon-list-icon\">\n\t\t\t\t\t\t\t<i aria-hidden=\"true\" class=\"fas fa-female\"><\/i>\t\t\t\t\t\t<\/span>\n\t\t\t\t\t\t\t\t\t\t<span class=\"elementor-icon-list-text\">Pieces of worsted from any haberdashery or remnants of woolen fabrics<\/span>\n\t\t\t\t\t\t\t\t\t<\/li>\n\t\t\t\t\t\t\t\t<li class=\"elementor-icon-list-item\">\n\t\t\t\t\t\t\t\t\t\t\t<a href=\"https:\/\/www.instagram.com\/trifolium.dyeing\/\" target=\"_blank\">\n\n\t\t\t\t\t\t\t\t\t\t\t\t<span class=\"elementor-icon-list-icon\">\n\t\t\t\t\t\t\t<i aria-hidden=\"true\" class=\"fas fa-female\"><\/i>\t\t\t\t\t\t<\/span>\n\t\t\t\t\t\t\t\t\t\t<span class=\"elementor-icon-list-text\">Brown wool yarn for hair and any other color for braiding plaits\u2014I have some from trifolium.dyeing.<\/span>\n\t\t\t\t\t\t\t\t\t\t\t<\/a>\n\t\t\t\t\t\t\t\t\t<\/li>\n\t\t\t\t\t\t\t\t<li class=\"elementor-icon-list-item\">\n\t\t\t\t\t\t\t\t\t\t\t<span class=\"elementor-icon-list-icon\">\n\t\t\t\t\t\t\t<i aria-hidden=\"true\" class=\"fas fa-female\"><\/i>\t\t\t\t\t\t<\/span>\n\t\t\t\t\t\t\t\t\t\t<span class=\"elementor-icon-list-text\">Hot glue gun<\/span>\n\t\t\t\t\t\t\t\t\t<\/li>\n\t\t\t\t\t\t\t\t<li class=\"elementor-icon-list-item\">\n\t\t\t\t\t\t\t\t\t\t\t<span class=\"elementor-icon-list-icon\">\n\t\t\t\t\t\t\t<i aria-hidden=\"true\" class=\"fas fa-female\"><\/i>\t\t\t\t\t\t<\/span>\n\t\t\t\t\t\t\t\t\t\t<span class=\"elementor-icon-list-text\">Remnants of fabric for little outfit<\/span>\n\t\t\t\t\t\t\t\t\t<\/li>\n\t\t\t\t\t\t<\/ul>\n\t\t\t\t\t\t<\/div>\n\t\t\t\t<\/div>\n\t\t\t\t\t<\/div>\n\t\t<\/div>\n\t\t\t\t\t<\/div>\n\t\t<\/section>\n\t\t\t\t<section class=\"elementor-section elementor-top-section elementor-element elementor-element-6933e64 elementor-section-boxed elementor-section-height-default elementor-section-height-default\" data-id=\"6933e64\" data-element_type=\"section\" data-e-type=\"section\">\n\t\t\t\t\t\t<div class=\"elementor-container elementor-column-gap-default\">\n\t\t\t\t\t<div class=\"elementor-column elementor-col-100 elementor-top-column elementor-element elementor-element-3b6bde6\" data-id=\"3b6bde6\" data-element_type=\"column\" data-e-type=\"column\">\n\t\t\t<div class=\"elementor-widget-wrap elementor-element-populated\">\n\t\t\t\t\t\t<div class=\"elementor-element elementor-element-6bfb47f elementor-widget elementor-widget-heading\" data-id=\"6bfb47f\" data-element_type=\"widget\" data-e-type=\"widget\" data-widget_type=\"heading.default\">\n\t\t\t\t<div class=\"elementor-widget-container\">\n\t\t\t\t\t<h3 class=\"elementor-heading-title elementor-size-default\">For other accessories: <\/h3>\t\t\t\t<\/div>\n\t\t\t\t<\/div>\n\t\t\t\t\t<\/div>\n\t\t<\/div>\n\t\t\t\t\t<\/div>\n\t\t<\/section>\n\t\t\t\t<section class=\"elementor-section elementor-top-section elementor-element elementor-element-8b9495c elementor-section-boxed elementor-section-height-default elementor-section-height-default\" data-id=\"8b9495c\" data-element_type=\"section\" data-e-type=\"section\">\n\t\t\t\t\t\t<div class=\"elementor-container elementor-column-gap-default\">\n\t\t\t\t\t<div class=\"elementor-column elementor-col-100 elementor-top-column elementor-element elementor-element-fa288aa\" data-id=\"fa288aa\" data-element_type=\"column\" data-e-type=\"column\">\n\t\t\t<div class=\"elementor-widget-wrap elementor-element-populated\">\n\t\t\t\t\t\t<div class=\"elementor-element elementor-element-d1fb43d elementor-icon-list--layout-traditional elementor-list-item-link-full_width elementor-widget elementor-widget-icon-list\" data-id=\"d1fb43d\" data-element_type=\"widget\" data-e-type=\"widget\" data-widget_type=\"icon-list.default\">\n\t\t\t\t<div class=\"elementor-widget-container\">\n\t\t\t\t\t\t\t<ul class=\"elementor-icon-list-items\">\n\t\t\t\t\t\t\t<li class=\"elementor-icon-list-item\">\n\t\t\t\t\t\t\t\t\t\t\t<span class=\"elementor-icon-list-icon\">\n\t\t\t\t\t\t\t<i aria-hidden=\"true\" class=\"fas fa-female\"><\/i>\t\t\t\t\t\t<\/span>\n\t\t\t\t\t\t\t\t\t\t<span class=\"elementor-icon-list-text\">Remnants of white linen and white linen thread for coif and scarves<\/span>\n\t\t\t\t\t\t\t\t\t<\/li>\n\t\t\t\t\t\t\t\t<li class=\"elementor-icon-list-item\">\n\t\t\t\t\t\t\t\t\t\t\t<span class=\"elementor-icon-list-icon\">\n\t\t\t\t\t\t\t<i aria-hidden=\"true\" class=\"fas fa-female\"><\/i>\t\t\t\t\t\t<\/span>\n\t\t\t\t\t\t\t\t\t\t<span class=\"elementor-icon-list-text\">A piece of braid for braiding the hair<\/span>\n\t\t\t\t\t\t\t\t\t<\/li>\n\t\t\t\t\t\t<\/ul>\n\t\t\t\t\t\t<\/div>\n\t\t\t\t<\/div>\n\t\t\t\t\t<\/div>\n\t\t<\/div>\n\t\t\t\t\t<\/div>\n\t\t<\/section>\n\t\t\t\t<section class=\"elementor-section elementor-top-section elementor-element elementor-element-a993de1 elementor-section-boxed elementor-section-height-default elementor-section-height-default\" data-id=\"a993de1\" data-element_type=\"section\" data-e-type=\"section\">\n\t\t\t\t\t\t<div class=\"elementor-container elementor-column-gap-default\">\n\t\t\t\t\t<div class=\"elementor-column elementor-col-100 elementor-top-column elementor-element elementor-element-5caac7a\" data-id=\"5caac7a\" data-element_type=\"column\" data-e-type=\"column\">\n\t\t\t<div class=\"elementor-widget-wrap elementor-element-populated\">\n\t\t\t\t\t\t<div class=\"elementor-element elementor-element-a358468 elementor-widget elementor-widget-heading\" data-id=\"a358468\" data-element_type=\"widget\" data-e-type=\"widget\" data-widget_type=\"heading.default\">\n\t\t\t\t<div class=\"elementor-widget-container\">\n\t\t\t\t\t<h3 class=\"elementor-heading-title elementor-size-default\">Non-products:<\/h3>\t\t\t\t<\/div>\n\t\t\t\t<\/div>\n\t\t\t\t\t<\/div>\n\t\t<\/div>\n\t\t\t\t\t<\/div>\n\t\t<\/section>\n\t\t\t\t<section class=\"elementor-section elementor-top-section elementor-element elementor-element-bf866cb elementor-section-boxed elementor-section-height-default elementor-section-height-default\" data-id=\"bf866cb\" data-element_type=\"section\" data-e-type=\"section\">\n\t\t\t\t\t\t<div class=\"elementor-container elementor-column-gap-default\">\n\t\t\t\t\t<div class=\"elementor-column elementor-col-100 elementor-top-column elementor-element elementor-element-a11120f\" data-id=\"a11120f\" data-element_type=\"column\" data-e-type=\"column\">\n\t\t\t<div class=\"elementor-widget-wrap elementor-element-populated\">\n\t\t\t\t\t\t<div class=\"elementor-element elementor-element-80788cd elementor-icon-list--layout-traditional elementor-list-item-link-full_width elementor-widget elementor-widget-icon-list\" data-id=\"80788cd\" data-element_type=\"widget\" data-e-type=\"widget\" data-widget_type=\"icon-list.default\">\n\t\t\t\t<div class=\"elementor-widget-container\">\n\t\t\t\t\t\t\t<ul class=\"elementor-icon-list-items\">\n\t\t\t\t\t\t\t<li class=\"elementor-icon-list-item\">\n\t\t\t\t\t\t\t\t\t\t\t<span class=\"elementor-icon-list-icon\">\n\t\t\t\t\t\t\t<i aria-hidden=\"true\" class=\"fas fa-male\"><\/i>\t\t\t\t\t\t<\/span>\n\t\t\t\t\t\t\t\t\t\t<span class=\"elementor-icon-list-text\">A hat<\/span>\n\t\t\t\t\t\t\t\t\t<\/li>\n\t\t\t\t\t\t\t\t<li class=\"elementor-icon-list-item\">\n\t\t\t\t\t\t\t\t\t\t\t<span class=\"elementor-icon-list-icon\">\n\t\t\t\t\t\t\t<i aria-hidden=\"true\" class=\"fas fa-male\"><\/i>\t\t\t\t\t\t<\/span>\n\t\t\t\t\t\t\t\t\t\t<span class=\"elementor-icon-list-text\">Knitted cap<\/span>\n\t\t\t\t\t\t\t\t\t<\/li>\n\t\t\t\t\t\t\t\t<li class=\"elementor-icon-list-item\">\n\t\t\t\t\t\t\t\t\t\t\t<a href=\"https:\/\/www.moisha.cz\/kozene-capacky\/kozene-capacky-cokoladove\/?variantId=3243&gclid=Cj0KCQiA2-2eBhClARIsAGLQ2RkxGmf_7MWCGUpl5gHNkg3moChVe4VH35Dyuf6gExN36x_MJRpnnjgaAmFqEALw_wcB\" target=\"_blank\">\n\n\t\t\t\t\t\t\t\t\t\t\t\t<span class=\"elementor-icon-list-icon\">\n\t\t\t\t\t\t\t<i aria-hidden=\"true\" class=\"fas fa-male\"><\/i>\t\t\t\t\t\t<\/span>\n\t\t\t\t\t\t\t\t\t\t<span class=\"elementor-icon-list-text\">Thin leather slip-on shoes<\/span>\n\t\t\t\t\t\t\t\t\t\t\t<\/a>\n\t\t\t\t\t\t\t\t\t<\/li>\n\t\t\t\t\t\t\t\t<li class=\"elementor-icon-list-item\">\n\t\t\t\t\t\t\t\t\t\t\t<span class=\"elementor-icon-list-icon\">\n\t\t\t\t\t\t\t<i aria-hidden=\"true\" class=\"fas fa-male\"><\/i>\t\t\t\t\t\t<\/span>\n\t\t\t\t\t\t\t\t\t\t<span class=\"elementor-icon-list-text\">Knitted socks<\/span>\n\t\t\t\t\t\t\t\t\t<\/li>\n\t\t\t\t\t\t\t\t<li class=\"elementor-icon-list-item\">\n\t\t\t\t\t\t\t\t\t\t\t<span class=\"elementor-icon-list-icon\">\n\t\t\t\t\t\t\t<i aria-hidden=\"true\" class=\"fas fa-male\"><\/i>\t\t\t\t\t\t<\/span>\n\t\t\t\t\t\t\t\t\t\t<span class=\"elementor-icon-list-text\">Cotton tights<\/span>\n\t\t\t\t\t\t\t\t\t<\/li>\n\t\t\t\t\t\t\t\t<li class=\"elementor-icon-list-item\">\n\t\t\t\t\t\t\t\t\t\t\t<a href=\"https:\/\/www.lh-shop.cz\/index.php?page=shop.browse&category_id=148&option=com_virtuemart&Itemid=5&lang=cs&vmcchk=1&Itemid=5\" target=\"_blank\">\n\n\t\t\t\t\t\t\t\t\t\t\t\t<span class=\"elementor-icon-list-icon\">\n\t\t\t\t\t\t\t<i aria-hidden=\"true\" class=\"fas fa-male\"><\/i>\t\t\t\t\t\t<\/span>\n\t\t\t\t\t\t\t\t\t\t<span class=\"elementor-icon-list-text\">Comb<\/span>\n\t\t\t\t\t\t\t\t\t\t\t<\/a>\n\t\t\t\t\t\t\t\t\t<\/li>\n\t\t\t\t\t\t\t\t<li class=\"elementor-icon-list-item\">\n\t\t\t\t\t\t\t\t\t\t\t<a href=\"https:\/\/www.dusedreva.eu\/\" target=\"_blank\">\n\n\t\t\t\t\t\t\t\t\t\t\t\t<span class=\"elementor-icon-list-icon\">\n\t\t\t\t\t\t\t<i aria-hidden=\"true\" class=\"fas fa-male\"><\/i>\t\t\t\t\t\t<\/span>\n\t\t\t\t\t\t\t\t\t\t<span class=\"elementor-icon-list-text\">Wooden dishes<\/span>\n\t\t\t\t\t\t\t\t\t\t\t<\/a>\n\t\t\t\t\t\t\t\t\t<\/li>\n\t\t\t\t\t\t<\/ul>\n\t\t\t\t\t\t<\/div>\n\t\t\t\t<\/div>\n\t\t\t\t\t<\/div>\n\t\t<\/div>\n\t\t\t\t\t<\/div>\n\t\t<\/section>\n\t\t\t\t<section class=\"elementor-section elementor-top-section elementor-element elementor-element-b003050 elementor-section-boxed elementor-section-height-default elementor-section-height-default\" data-id=\"b003050\" data-element_type=\"section\" data-e-type=\"section\">\n\t\t\t\t\t\t<div class=\"elementor-container elementor-column-gap-default\">\n\t\t\t\t\t<div class=\"elementor-column elementor-col-100 elementor-top-column elementor-element elementor-element-0524e9b\" data-id=\"0524e9b\" data-element_type=\"column\" data-e-type=\"column\">\n\t\t\t<div class=\"elementor-widget-wrap elementor-element-populated\">\n\t\t\t\t\t\t<div class=\"elementor-element elementor-element-f328c33 elementor-widget elementor-widget-heading\" data-id=\"f328c33\" data-element_type=\"widget\" data-e-type=\"widget\" data-widget_type=\"heading.default\">\n\t\t\t\t<div class=\"elementor-widget-container\">\n\t\t\t\t\t<h2 class=\"elementor-heading-title elementor-size-default\">What will I do differently next time? <\/h2>\t\t\t\t<\/div>\n\t\t\t\t<\/div>\n\t\t\t\t\t<\/div>\n\t\t<\/div>\n\t\t\t\t\t<\/div>\n\t\t<\/section>\n\t\t\t\t<section class=\"elementor-section elementor-top-section elementor-element elementor-element-7b3906e elementor-section-boxed elementor-section-height-default elementor-section-height-default\" data-id=\"7b3906e\" data-element_type=\"section\" data-e-type=\"section\">\n\t\t\t\t\t\t<div class=\"elementor-container elementor-column-gap-default\">\n\t\t\t\t\t<div class=\"elementor-column elementor-col-100 elementor-top-column elementor-element elementor-element-d8750bd\" data-id=\"d8750bd\" data-element_type=\"column\" data-e-type=\"column\">\n\t\t\t<div class=\"elementor-widget-wrap elementor-element-populated\">\n\t\t\t\t\t\t<div class=\"elementor-element elementor-element-234fc38 elementor-icon-list--layout-traditional elementor-list-item-link-full_width elementor-widget elementor-widget-icon-list\" data-id=\"234fc38\" data-element_type=\"widget\" data-e-type=\"widget\" data-widget_type=\"icon-list.default\">\n\t\t\t\t<div class=\"elementor-widget-container\">\n\t\t\t\t\t\t\t<ul class=\"elementor-icon-list-items\">\n\t\t\t\t\t\t\t<li class=\"elementor-icon-list-item\">\n\t\t\t\t\t\t\t\t\t\t\t<span class=\"elementor-icon-list-icon\">\n\t\t\t\t\t\t\t<i aria-hidden=\"true\" class=\"far fa-edit\"><\/i>\t\t\t\t\t\t<\/span>\n\t\t\t\t\t\t\t\t\t\t<span class=\"elementor-icon-list-text\">I will buy a tankard!<\/span>\n\t\t\t\t\t\t\t\t\t<\/li>\n\t\t\t\t\t\t\t\t<li class=\"elementor-icon-list-item\">\n\t\t\t\t\t\t\t\t\t\t\t<span class=\"elementor-icon-list-icon\">\n\t\t\t\t\t\t\t<i aria-hidden=\"true\" class=\"far fa-edit\"><\/i>\t\t\t\t\t\t<\/span>\n\t\t\t\t\t\t\t\t\t\t<span class=\"elementor-icon-list-text\">I will add more toys!<\/span>\n\t\t\t\t\t\t\t\t\t<\/li>\n\t\t\t\t\t\t\t\t<li class=\"elementor-icon-list-item\">\n\t\t\t\t\t\t\t\t\t\t\t<span class=\"elementor-icon-list-icon\">\n\t\t\t\t\t\t\t<i aria-hidden=\"true\" class=\"far fa-edit\"><\/i>\t\t\t\t\t\t<\/span>\n\t\t\t\t\t\t\t\t\t\t<span class=\"elementor-icon-list-text\">I will pay even more attention to color preferences when choosing fabrics and consult on details of the pattern, e.g. my daughter wants her apron to be pink next time... <\/span>\n\t\t\t\t\t\t\t\t\t<\/li>\n\t\t\t\t\t\t<\/ul>\n\t\t\t\t\t\t<\/div>\n\t\t\t\t<\/div>\n\t\t\t\t\t<\/div>\n\t\t<\/div>\n\t\t\t\t\t<\/div>\n\t\t<\/section>\n\t\t\t\t<section class=\"elementor-section elementor-top-section elementor-element elementor-element-28f1ffb elementor-section-boxed elementor-section-height-default elementor-section-height-default\" data-id=\"28f1ffb\" data-element_type=\"section\" data-e-type=\"section\">\n\t\t\t\t\t\t<div class=\"elementor-container elementor-column-gap-default\">\n\t\t\t\t\t<div class=\"elementor-column elementor-col-100 elementor-top-column elementor-element elementor-element-8e7b64f\" data-id=\"8e7b64f\" data-element_type=\"column\" data-e-type=\"column\">\n\t\t\t<div class=\"elementor-widget-wrap elementor-element-populated\">\n\t\t\t\t\t\t<div class=\"elementor-element elementor-element-e5415c1 elementor-widget elementor-widget-heading\" data-id=\"e5415c1\" data-element_type=\"widget\" data-e-type=\"widget\" data-widget_type=\"heading.default\">\n\t\t\t\t<div class=\"elementor-widget-container\">\n\t\t\t\t\t<h2 class=\"elementor-heading-title elementor-size-default\">Highlights:<\/h2>\t\t\t\t<\/div>\n\t\t\t\t<\/div>\n\t\t\t\t\t<\/div>\n\t\t<\/div>\n\t\t\t\t\t<\/div>\n\t\t<\/section>\n\t\t\t\t<section class=\"elementor-section elementor-top-section elementor-element elementor-element-36cd597 elementor-section-boxed elementor-section-height-default elementor-section-height-default\" data-id=\"36cd597\" data-element_type=\"section\" data-e-type=\"section\">\n\t\t\t\t\t\t<div class=\"elementor-container elementor-column-gap-default\">\n\t\t\t\t\t<div class=\"elementor-column elementor-col-100 elementor-top-column elementor-element elementor-element-d81dd47\" data-id=\"d81dd47\" data-element_type=\"column\" data-e-type=\"column\">\n\t\t\t<div class=\"elementor-widget-wrap elementor-element-populated\">\n\t\t\t\t\t\t<div class=\"elementor-element elementor-element-d64ac0e elementor-icon-list--layout-traditional elementor-list-item-link-full_width elementor-widget elementor-widget-icon-list\" data-id=\"d64ac0e\" data-element_type=\"widget\" data-e-type=\"widget\" data-widget_type=\"icon-list.default\">\n\t\t\t\t<div class=\"elementor-widget-container\">\n\t\t\t\t\t\t\t<ul class=\"elementor-icon-list-items\">\n\t\t\t\t\t\t\t<li class=\"elementor-icon-list-item\">\n\t\t\t\t\t\t\t\t\t\t\t<span class=\"elementor-icon-list-icon\">\n\t\t\t\t\t\t\t<i aria-hidden=\"true\" class=\"fas fa-splotch\"><\/i>\t\t\t\t\t\t<\/span>\n\t\t\t\t\t\t\t\t\t\t<span class=\"elementor-icon-list-text\">A child can be outfitted from head to toe in \"growing\" items if the fit is appropriate. Some pieces of clothing are difficult to sew in a \"growing\"style - for example, instead of a doublet, it is better to choose something that may not fit exactly and correspond to the fashionable silhouette of the time. <\/span>\n\t\t\t\t\t\t\t\t\t<\/li>\n\t\t\t\t\t\t\t\t<li class=\"elementor-icon-list-item\">\n\t\t\t\t\t\t\t\t\t\t\t<span class=\"elementor-icon-list-icon\">\n\t\t\t\t\t\t\t<i aria-hidden=\"true\" class=\"fas fa-splotch\"><\/i>\t\t\t\t\t\t<\/span>\n\t\t\t\t\t\t\t\t\t\t<span class=\"elementor-icon-list-text\">All children's clothing should be as comfortable as possible and easy to put on and take off, so that the child can help himself at any time.<\/span>\n\t\t\t\t\t\t\t\t\t<\/li>\n\t\t\t\t\t\t\t\t<li class=\"elementor-icon-list-item\">\n\t\t\t\t\t\t\t\t\t\t\t<span class=\"elementor-icon-list-icon\">\n\t\t\t\t\t\t\t<i aria-hidden=\"true\" class=\"fas fa-splotch\"><\/i>\t\t\t\t\t\t<\/span>\n\t\t\t\t\t\t\t\t\t\t<span class=\"elementor-icon-list-text\">I recommend having more spare layers. My rule is to have one spare item for each piece of clothing.<br><\/span>\n\t\t\t\t\t\t\t\t\t<\/li>\n\t\t\t\t\t\t\t\t<li class=\"elementor-icon-list-item\">\n\t\t\t\t\t\t\t\t\t\t\t<span class=\"elementor-icon-list-icon\">\n\t\t\t\t\t\t\t<i aria-hidden=\"true\" class=\"fas fa-star\"><\/i>\t\t\t\t\t\t<\/span>\n\t\t\t\t\t\t\t\t\t\t<span class=\"elementor-icon-list-text\">Pay attention to children's color preferences, as this often makes wearing costumes easier. In addition to color, think about other details that children like\u2014for example, full skirts, lacing or hooks, etc. <\/span>\n\t\t\t\t\t\t\t\t\t<\/li>\n\t\t\t\t\t\t<\/ul>\n\t\t\t\t\t\t<\/div>\n\t\t\t\t<\/div>\n\t\t\t\t\t<\/div>\n\t\t<\/div>\n\t\t\t\t\t<\/div>\n\t\t<\/section>\n\t\t\t\t<section class=\"elementor-section elementor-top-section elementor-element elementor-element-31d5a20 elementor-section-boxed elementor-section-height-default elementor-section-height-default\" data-id=\"31d5a20\" data-element_type=\"section\" data-e-type=\"section\">\n\t\t\t\t\t\t<div class=\"elementor-container elementor-column-gap-default\">\n\t\t\t\t\t<div class=\"elementor-column elementor-col-100 elementor-top-column elementor-element elementor-element-eeb4800\" data-id=\"eeb4800\" data-element_type=\"column\" data-e-type=\"column\">\n\t\t\t<div class=\"elementor-widget-wrap elementor-element-populated\">\n\t\t\t\t\t\t<div class=\"elementor-element elementor-element-ce74773 elementor-align-center elementor-mobile-align-justify elementor-widget elementor-widget-button\" data-id=\"ce74773\" data-element_type=\"widget\" data-e-type=\"widget\" data-widget_type=\"button.default\">\n\t\t\t\t<div class=\"elementor-widget-container\">\n\t\t\t\t\t\t\t\t\t<div class=\"elementor-button-wrapper\">\n\t\t\t\t\t<a class=\"elementor-button elementor-button-link elementor-size-lg\" href=\"https:\/\/illyriantailor.com\/english\/blog\/\">\n\t\t\t\t\t\t<span class=\"elementor-button-content-wrapper\">\n\t\t\t\t\t\t\t\t\t<span class=\"elementor-button-text\">back to the blog<\/span>\n\t\t\t\t\t<\/span>\n\t\t\t\t\t<\/a>\n\t\t\t\t<\/div>\n\t\t\t\t\t\t\t\t<\/div>\n\t\t\t\t<\/div>\n\t\t\t\t\t<\/div>\n\t\t<\/div>\n\t\t\t\t\t<\/div>\n\t\t<\/section>\n\t\t\t\t<\/div>","protected":false},"excerpt":{"rendered":"<p>T\u0159et\u00ed rok \u017eivota byl pro na\u0161e d\u011bti v\u017edy ve znamen\u00ed p\u0159echodu z jejich \u00fapln\u011b prvn\u00edho d\u011btsk\u00e9ho (batolec\u00edho) kost\u00fdmu do v\u011bc\u00ed, kter\u00e9 se podobaj\u00ed kost\u00fdm\u016fm dosp\u011bl\u00fdch. N\u00e1\u0161 prvn\u00ed d\u011btsk\u00fd outfit, kter\u00fd je genderov\u011b neutr\u00e1ln\u00ed a nosily ho t\u00edm p\u00e1dem ob\u011b na\u0161e d\u011bti, byl kdysi pops\u00e1n v samostatn\u00e9m p\u0159\u00edsp\u011bvku. Nov\u00e1 hol\u010di\u010d\u00ed v\u00fdbava se mu dost podob\u00e1, ale&hellip;&nbsp;<a href=\"https:\/\/illyriantailor.com\/english\/2025\/02\/07\/holcici-outfit-15-17-stoleti\/\" rel=\"bookmark\">Read More &raquo;<span class=\"screen-reader-text\">Girl' s outfit for the 15th-17th century (approx. 3-6 years)<\/span><\/a><\/p>","protected":false},"author":1,"featured_media":5965,"comment_status":"open","ping_status":"open","sticky":true,"template":"","format":"standard","meta":{"neve_meta_sidebar":"","neve_meta_container":"","neve_meta_enable_content_width":"off","neve_meta_content_width":70,"neve_meta_title_alignment":"","neve_meta_author_avatar":"","neve_post_elements_order":"","neve_meta_disable_header":"","neve_meta_disable_footer":"","neve_meta_disable_title":"","_themeisle_gutenberg_block_has_review":false,"iawp_total_views":62,"footnotes":""},"categories":[19,18],"tags":[101,88,90,92,23,36,97,76,71,96,104,106,102,80,67,105,22,86,103,81,100,99,98],"class_list":["post-5563","post","type-post","status-publish","format-standard","has-post-thumbnail","hentry","category-15-stoleti","category-17-stoleti","tag-botky","tag-detska-kosile","tag-detske-doplnky","tag-detsky-kabat","tag-detsky-kostym","tag-dite","tag-divci-kostym","tag-doplnky","tag-hair-taping","tag-holcici-kostym","tag-holcicka","tag-hracky","tag-kabatek","tag-kirtle","tag-kosile","tag-porkyvka-hlavy","tag-puncochy","tag-rostouci-kostym","tag-satek","tag-saty","tag-spodnicka","tag-tapping-hair","tag-zastera"],"yoast_head":"<!-- This site is optimized with the Yoast SEO plugin v27.5 - https:\/\/yoast.com\/product\/yoast-seo-wordpress\/ -->\n<title>Hol\u010di\u010d\u00ed outfit na 15.-17. stolet\u00ed (cca 3-6 let) - Illyrian Tailor<\/title>\n<meta name=\"description\" content=\"T\u0159et\u00ed rok \u017eivota byl pro na\u0161e d\u011bti v\u017edy ve znamen\u00ed p\u0159echodu z jejich \u00fapln\u011b prvn\u00edho d\u011btsk\u00e9ho (batolec\u00edho) kost\u00fdmu do v\u011bc\u00ed, kter\u00e9 se podobaj\u00ed kost\u00fdm\u016fm dosp\u011bl\u00fdch.\" \/>\n<meta name=\"robots\" content=\"index, follow, max-snippet:-1, max-image-preview:large, max-video-preview:-1\" \/>\n<link rel=\"canonical\" href=\"https:\/\/illyriantailor.com\/english\/2025\/02\/07\/holcici-outfit-15-17-stoleti\/\" \/>\n<meta property=\"og:locale\" content=\"en_GB\" \/>\n<meta property=\"og:type\" content=\"article\" \/>\n<meta property=\"og:title\" content=\"Hol\u010di\u010d\u00ed outfit na 15.-17. stolet\u00ed (cca 3-6 let) - Illyrian Tailor\" \/>\n<meta property=\"og:description\" content=\"T\u0159et\u00ed rok \u017eivota byl pro na\u0161e d\u011bti v\u017edy ve znamen\u00ed p\u0159echodu z jejich \u00fapln\u011b prvn\u00edho d\u011btsk\u00e9ho (batolec\u00edho) kost\u00fdmu do v\u011bc\u00ed, kter\u00e9 se podobaj\u00ed kost\u00fdm\u016fm dosp\u011bl\u00fdch.\" \/>\n<meta property=\"og:url\" content=\"https:\/\/illyriantailor.com\/english\/2025\/02\/07\/holcici-outfit-15-17-stoleti\/\" \/>\n<meta property=\"og:site_name\" content=\"Illyrian Tailor\" \/>\n<meta property=\"article:published_time\" content=\"2025-02-07T12:37:07+00:00\" \/>\n<meta property=\"article:modified_time\" content=\"2025-11-11T09:53:06+00:00\" \/>\n<meta property=\"og:image\" content=\"https:\/\/illyriantailor.com\/wp-content\/uploads\/2025\/02\/Kirtle_Pav_Lucistnik.jpg\" \/>\n\t<meta property=\"og:image:width\" content=\"1080\" \/>\n\t<meta property=\"og:image:height\" content=\"1620\" \/>\n\t<meta property=\"og:image:type\" content=\"image\/jpeg\" \/>\n<meta name=\"author\" content=\"Vanja\" \/>\n<meta name=\"twitter:card\" content=\"summary_large_image\" \/>\n<meta name=\"twitter:label1\" content=\"Written by\" \/>\n\t<meta name=\"twitter:data1\" content=\"Vanja\" \/>\n\t<meta name=\"twitter:label2\" content=\"Estimated reading time\" \/>\n\t<meta name=\"twitter:data2\" content=\"40 minutes\" \/>\n<script type=\"application\/ld+json\" class=\"yoast-schema-graph\">{\"@context\":\"https:\\\/\\\/schema.org\",\"@graph\":[{\"@type\":\"Article\",\"@id\":\"https:\\\/\\\/illyriantailor.com\\\/2025\\\/02\\\/07\\\/holcici-outfit-15-17-stoleti\\\/#article\",\"isPartOf\":{\"@id\":\"https:\\\/\\\/illyriantailor.com\\\/2025\\\/02\\\/07\\\/holcici-outfit-15-17-stoleti\\\/\"},\"author\":{\"name\":\"Vanja\",\"@id\":\"https:\\\/\\\/illyriantailor.com\\\/#\\\/schema\\\/person\\\/c57a3900b3bafd3ac81bfae47199aac4\"},\"headline\":\"Hol\u010di\u010d\u00ed outfit na 15.-17. stolet\u00ed (cca 3-6 let)\",\"datePublished\":\"2025-02-07T12:37:07+00:00\",\"dateModified\":\"2025-11-11T09:53:06+00:00\",\"mainEntityOfPage\":{\"@id\":\"https:\\\/\\\/illyriantailor.com\\\/2025\\\/02\\\/07\\\/holcici-outfit-15-17-stoleti\\\/\"},\"wordCount\":6502,\"commentCount\":0,\"publisher\":{\"@id\":\"https:\\\/\\\/illyriantailor.com\\\/#\\\/schema\\\/person\\\/c57a3900b3bafd3ac81bfae47199aac4\"},\"image\":{\"@id\":\"https:\\\/\\\/illyriantailor.com\\\/2025\\\/02\\\/07\\\/holcici-outfit-15-17-stoleti\\\/#primaryimage\"},\"thumbnailUrl\":\"https:\\\/\\\/illyriantailor.com\\\/wp-content\\\/uploads\\\/2025\\\/02\\\/Kirtle_Pav_Lucistnik.jpg\",\"keywords\":[\"botky\",\"d\u011btsk\u00e1 ko\u0161ile\",\"d\u011btsk\u00e9 dopl\u0148ky\",\"d\u011btsk\u00fd kab\u00e1t\",\"d\u011btsk\u00fd kost\u00fdm\",\"d\u00edt\u011b\",\"d\u00edv\u010d\u00ed kost\u00fdm\",\"dopl\u0148ky\",\"hair taping\",\"hol\u010di\u010d\u00ed kost\u00fdm\",\"hol\u010di\u010dka\",\"hra\u010dky\",\"kab\u00e1tek\",\"kirtle\",\"ko\u0161ile\",\"pork\u00fdvka hlavy\",\"pun\u010dochy\",\"rostouc\u00ed kost\u00fdm\",\"\u0161\u00e1tek\",\"\u0161aty\",\"spodni\u010dka\",\"tapping hair\",\"z\u00e1st\u011bra\"],\"articleSection\":[\"15. stolet\u00ed\",\"17. stolet\u00ed\"],\"inLanguage\":\"en-GB\",\"potentialAction\":[{\"@type\":\"CommentAction\",\"name\":\"Comment\",\"target\":[\"https:\\\/\\\/illyriantailor.com\\\/2025\\\/02\\\/07\\\/holcici-outfit-15-17-stoleti\\\/#respond\"]}]},{\"@type\":\"WebPage\",\"@id\":\"https:\\\/\\\/illyriantailor.com\\\/2025\\\/02\\\/07\\\/holcici-outfit-15-17-stoleti\\\/\",\"url\":\"https:\\\/\\\/illyriantailor.com\\\/2025\\\/02\\\/07\\\/holcici-outfit-15-17-stoleti\\\/\",\"name\":\"Hol\u010di\u010d\u00ed outfit na 15.-17. stolet\u00ed (cca 3-6 let) - Illyrian Tailor\",\"isPartOf\":{\"@id\":\"https:\\\/\\\/illyriantailor.com\\\/#website\"},\"primaryImageOfPage\":{\"@id\":\"https:\\\/\\\/illyriantailor.com\\\/2025\\\/02\\\/07\\\/holcici-outfit-15-17-stoleti\\\/#primaryimage\"},\"image\":{\"@id\":\"https:\\\/\\\/illyriantailor.com\\\/2025\\\/02\\\/07\\\/holcici-outfit-15-17-stoleti\\\/#primaryimage\"},\"thumbnailUrl\":\"https:\\\/\\\/illyriantailor.com\\\/wp-content\\\/uploads\\\/2025\\\/02\\\/Kirtle_Pav_Lucistnik.jpg\",\"datePublished\":\"2025-02-07T12:37:07+00:00\",\"dateModified\":\"2025-11-11T09:53:06+00:00\",\"description\":\"T\u0159et\u00ed rok \u017eivota byl pro na\u0161e d\u011bti v\u017edy ve znamen\u00ed p\u0159echodu z jejich \u00fapln\u011b prvn\u00edho d\u011btsk\u00e9ho (batolec\u00edho) kost\u00fdmu do v\u011bc\u00ed, kter\u00e9 se podobaj\u00ed kost\u00fdm\u016fm dosp\u011bl\u00fdch.\",\"breadcrumb\":{\"@id\":\"https:\\\/\\\/illyriantailor.com\\\/2025\\\/02\\\/07\\\/holcici-outfit-15-17-stoleti\\\/#breadcrumb\"},\"inLanguage\":\"en-GB\",\"potentialAction\":[{\"@type\":\"ReadAction\",\"target\":[\"https:\\\/\\\/illyriantailor.com\\\/2025\\\/02\\\/07\\\/holcici-outfit-15-17-stoleti\\\/\"]}]},{\"@type\":\"ImageObject\",\"inLanguage\":\"en-GB\",\"@id\":\"https:\\\/\\\/illyriantailor.com\\\/2025\\\/02\\\/07\\\/holcici-outfit-15-17-stoleti\\\/#primaryimage\",\"url\":\"https:\\\/\\\/illyriantailor.com\\\/wp-content\\\/uploads\\\/2025\\\/02\\\/Kirtle_Pav_Lucistnik.jpg\",\"contentUrl\":\"https:\\\/\\\/illyriantailor.com\\\/wp-content\\\/uploads\\\/2025\\\/02\\\/Kirtle_Pav_Lucistnik.jpg\",\"width\":1080,\"height\":1620},{\"@type\":\"BreadcrumbList\",\"@id\":\"https:\\\/\\\/illyriantailor.com\\\/2025\\\/02\\\/07\\\/holcici-outfit-15-17-stoleti\\\/#breadcrumb\",\"itemListElement\":[{\"@type\":\"ListItem\",\"position\":1,\"name\":\"Dom\u016f\",\"item\":\"https:\\\/\\\/illyriantailor.com\\\/\"},{\"@type\":\"ListItem\",\"position\":2,\"name\":\"Hol\u010di\u010d\u00ed outfit na 15.-17. stolet\u00ed (cca 3-6 let)\"}]},{\"@type\":\"WebSite\",\"@id\":\"https:\\\/\\\/illyriantailor.com\\\/#website\",\"url\":\"https:\\\/\\\/illyriantailor.com\\\/\",\"name\":\"Illyrian Tailor\",\"description\":\"\",\"publisher\":{\"@id\":\"https:\\\/\\\/illyriantailor.com\\\/#\\\/schema\\\/person\\\/c57a3900b3bafd3ac81bfae47199aac4\"},\"potentialAction\":[{\"@type\":\"SearchAction\",\"target\":{\"@type\":\"EntryPoint\",\"urlTemplate\":\"https:\\\/\\\/illyriantailor.com\\\/?s={search_term_string}\"},\"query-input\":{\"@type\":\"PropertyValueSpecification\",\"valueRequired\":true,\"valueName\":\"search_term_string\"}}],\"inLanguage\":\"en-GB\"},{\"@type\":[\"Person\",\"Organization\"],\"@id\":\"https:\\\/\\\/illyriantailor.com\\\/#\\\/schema\\\/person\\\/c57a3900b3bafd3ac81bfae47199aac4\",\"name\":\"Vanja\",\"image\":{\"@type\":\"ImageObject\",\"inLanguage\":\"en-GB\",\"@id\":\"https:\\\/\\\/illyriantailor.com\\\/wp-content\\\/uploads\\\/2019\\\/12\\\/illyrian_tailor_black_Kreslic\u00ed-pl\u00e1tno-1_Kreslic\u00ed-pl\u00e1tno-1_Kreslic\u00ed-pl\u00e1tno-1.png\",\"url\":\"https:\\\/\\\/illyriantailor.com\\\/wp-content\\\/uploads\\\/2019\\\/12\\\/illyrian_tailor_black_Kreslic\u00ed-pl\u00e1tno-1_Kreslic\u00ed-pl\u00e1tno-1_Kreslic\u00ed-pl\u00e1tno-1.png\",\"contentUrl\":\"https:\\\/\\\/illyriantailor.com\\\/wp-content\\\/uploads\\\/2019\\\/12\\\/illyrian_tailor_black_Kreslic\u00ed-pl\u00e1tno-1_Kreslic\u00ed-pl\u00e1tno-1_Kreslic\u00ed-pl\u00e1tno-1.png\",\"width\":900,\"height\":291,\"caption\":\"Vanja\"},\"logo\":{\"@id\":\"https:\\\/\\\/illyriantailor.com\\\/wp-content\\\/uploads\\\/2019\\\/12\\\/illyrian_tailor_black_Kreslic\u00ed-pl\u00e1tno-1_Kreslic\u00ed-pl\u00e1tno-1_Kreslic\u00ed-pl\u00e1tno-1.png\"},\"url\":\"https:\\\/\\\/illyriantailor.com\\\/english\\\/author\\\/vanja\\\/\"}]}<\/script>\n<!-- \/ Yoast SEO plugin. -->","yoast_head_json":{"title":"Hol\u010di\u010d\u00ed outfit na 15.-17. stolet\u00ed (cca 3-6 let) - Illyrian Tailor","description":"T\u0159et\u00ed rok \u017eivota byl pro na\u0161e d\u011bti v\u017edy ve znamen\u00ed p\u0159echodu z jejich \u00fapln\u011b prvn\u00edho d\u011btsk\u00e9ho (batolec\u00edho) kost\u00fdmu do v\u011bc\u00ed, kter\u00e9 se podobaj\u00ed kost\u00fdm\u016fm dosp\u011bl\u00fdch.","robots":{"index":"index","follow":"follow","max-snippet":"max-snippet:-1","max-image-preview":"max-image-preview:large","max-video-preview":"max-video-preview:-1"},"canonical":"https:\/\/illyriantailor.com\/english\/2025\/02\/07\/holcici-outfit-15-17-stoleti\/","og_locale":"en_GB","og_type":"article","og_title":"Hol\u010di\u010d\u00ed outfit na 15.-17. stolet\u00ed (cca 3-6 let) - Illyrian Tailor","og_description":"T\u0159et\u00ed rok \u017eivota byl pro na\u0161e d\u011bti v\u017edy ve znamen\u00ed p\u0159echodu z jejich \u00fapln\u011b prvn\u00edho d\u011btsk\u00e9ho (batolec\u00edho) kost\u00fdmu do v\u011bc\u00ed, kter\u00e9 se podobaj\u00ed kost\u00fdm\u016fm dosp\u011bl\u00fdch.","og_url":"https:\/\/illyriantailor.com\/english\/2025\/02\/07\/holcici-outfit-15-17-stoleti\/","og_site_name":"Illyrian Tailor","article_published_time":"2025-02-07T12:37:07+00:00","article_modified_time":"2025-11-11T09:53:06+00:00","og_image":[{"width":1080,"height":1620,"url":"https:\/\/illyriantailor.com\/wp-content\/uploads\/2025\/02\/Kirtle_Pav_Lucistnik.jpg","type":"image\/jpeg"}],"author":"Vanja","twitter_card":"summary_large_image","twitter_misc":{"Written by":"Vanja","Estimated reading time":"40 minutes"},"schema":{"@context":"https:\/\/schema.org","@graph":[{"@type":"Article","@id":"https:\/\/illyriantailor.com\/2025\/02\/07\/holcici-outfit-15-17-stoleti\/#article","isPartOf":{"@id":"https:\/\/illyriantailor.com\/2025\/02\/07\/holcici-outfit-15-17-stoleti\/"},"author":{"name":"Vanja","@id":"https:\/\/illyriantailor.com\/#\/schema\/person\/c57a3900b3bafd3ac81bfae47199aac4"},"headline":"Hol\u010di\u010d\u00ed outfit na 15.-17. stolet\u00ed (cca 3-6 let)","datePublished":"2025-02-07T12:37:07+00:00","dateModified":"2025-11-11T09:53:06+00:00","mainEntityOfPage":{"@id":"https:\/\/illyriantailor.com\/2025\/02\/07\/holcici-outfit-15-17-stoleti\/"},"wordCount":6502,"commentCount":0,"publisher":{"@id":"https:\/\/illyriantailor.com\/#\/schema\/person\/c57a3900b3bafd3ac81bfae47199aac4"},"image":{"@id":"https:\/\/illyriantailor.com\/2025\/02\/07\/holcici-outfit-15-17-stoleti\/#primaryimage"},"thumbnailUrl":"https:\/\/illyriantailor.com\/wp-content\/uploads\/2025\/02\/Kirtle_Pav_Lucistnik.jpg","keywords":["botky","d\u011btsk\u00e1 ko\u0161ile","d\u011btsk\u00e9 dopl\u0148ky","d\u011btsk\u00fd kab\u00e1t","d\u011btsk\u00fd kost\u00fdm","d\u00edt\u011b","d\u00edv\u010d\u00ed kost\u00fdm","dopl\u0148ky","hair taping","hol\u010di\u010d\u00ed kost\u00fdm","hol\u010di\u010dka","hra\u010dky","kab\u00e1tek","kirtle","ko\u0161ile","pork\u00fdvka hlavy","pun\u010dochy","rostouc\u00ed kost\u00fdm","\u0161\u00e1tek","\u0161aty","spodni\u010dka","tapping hair","z\u00e1st\u011bra"],"articleSection":["15. stolet\u00ed","17. stolet\u00ed"],"inLanguage":"en-GB","potentialAction":[{"@type":"CommentAction","name":"Comment","target":["https:\/\/illyriantailor.com\/2025\/02\/07\/holcici-outfit-15-17-stoleti\/#respond"]}]},{"@type":"WebPage","@id":"https:\/\/illyriantailor.com\/2025\/02\/07\/holcici-outfit-15-17-stoleti\/","url":"https:\/\/illyriantailor.com\/2025\/02\/07\/holcici-outfit-15-17-stoleti\/","name":"Hol\u010di\u010d\u00ed outfit na 15.-17. stolet\u00ed (cca 3-6 let) - Illyrian Tailor","isPartOf":{"@id":"https:\/\/illyriantailor.com\/#website"},"primaryImageOfPage":{"@id":"https:\/\/illyriantailor.com\/2025\/02\/07\/holcici-outfit-15-17-stoleti\/#primaryimage"},"image":{"@id":"https:\/\/illyriantailor.com\/2025\/02\/07\/holcici-outfit-15-17-stoleti\/#primaryimage"},"thumbnailUrl":"https:\/\/illyriantailor.com\/wp-content\/uploads\/2025\/02\/Kirtle_Pav_Lucistnik.jpg","datePublished":"2025-02-07T12:37:07+00:00","dateModified":"2025-11-11T09:53:06+00:00","description":"T\u0159et\u00ed rok \u017eivota byl pro na\u0161e d\u011bti v\u017edy ve znamen\u00ed p\u0159echodu z jejich \u00fapln\u011b prvn\u00edho d\u011btsk\u00e9ho (batolec\u00edho) kost\u00fdmu do v\u011bc\u00ed, kter\u00e9 se podobaj\u00ed kost\u00fdm\u016fm dosp\u011bl\u00fdch.","breadcrumb":{"@id":"https:\/\/illyriantailor.com\/2025\/02\/07\/holcici-outfit-15-17-stoleti\/#breadcrumb"},"inLanguage":"en-GB","potentialAction":[{"@type":"ReadAction","target":["https:\/\/illyriantailor.com\/2025\/02\/07\/holcici-outfit-15-17-stoleti\/"]}]},{"@type":"ImageObject","inLanguage":"en-GB","@id":"https:\/\/illyriantailor.com\/2025\/02\/07\/holcici-outfit-15-17-stoleti\/#primaryimage","url":"https:\/\/illyriantailor.com\/wp-content\/uploads\/2025\/02\/Kirtle_Pav_Lucistnik.jpg","contentUrl":"https:\/\/illyriantailor.com\/wp-content\/uploads\/2025\/02\/Kirtle_Pav_Lucistnik.jpg","width":1080,"height":1620},{"@type":"BreadcrumbList","@id":"https:\/\/illyriantailor.com\/2025\/02\/07\/holcici-outfit-15-17-stoleti\/#breadcrumb","itemListElement":[{"@type":"ListItem","position":1,"name":"Dom\u016f","item":"https:\/\/illyriantailor.com\/"},{"@type":"ListItem","position":2,"name":"Hol\u010di\u010d\u00ed outfit na 15.-17. stolet\u00ed (cca 3-6 let)"}]},{"@type":"WebSite","@id":"https:\/\/illyriantailor.com\/#website","url":"https:\/\/illyriantailor.com\/","name":"Illyrian Tailor","description":"","publisher":{"@id":"https:\/\/illyriantailor.com\/#\/schema\/person\/c57a3900b3bafd3ac81bfae47199aac4"},"potentialAction":[{"@type":"SearchAction","target":{"@type":"EntryPoint","urlTemplate":"https:\/\/illyriantailor.com\/?s={search_term_string}"},"query-input":{"@type":"PropertyValueSpecification","valueRequired":true,"valueName":"search_term_string"}}],"inLanguage":"en-GB"},{"@type":["Person","Organization"],"@id":"https:\/\/illyriantailor.com\/#\/schema\/person\/c57a3900b3bafd3ac81bfae47199aac4","name":"Vanja","image":{"@type":"ImageObject","inLanguage":"en-GB","@id":"https:\/\/illyriantailor.com\/wp-content\/uploads\/2019\/12\/illyrian_tailor_black_Kreslic\u00ed-pl\u00e1tno-1_Kreslic\u00ed-pl\u00e1tno-1_Kreslic\u00ed-pl\u00e1tno-1.png","url":"https:\/\/illyriantailor.com\/wp-content\/uploads\/2019\/12\/illyrian_tailor_black_Kreslic\u00ed-pl\u00e1tno-1_Kreslic\u00ed-pl\u00e1tno-1_Kreslic\u00ed-pl\u00e1tno-1.png","contentUrl":"https:\/\/illyriantailor.com\/wp-content\/uploads\/2019\/12\/illyrian_tailor_black_Kreslic\u00ed-pl\u00e1tno-1_Kreslic\u00ed-pl\u00e1tno-1_Kreslic\u00ed-pl\u00e1tno-1.png","width":900,"height":291,"caption":"Vanja"},"logo":{"@id":"https:\/\/illyriantailor.com\/wp-content\/uploads\/2019\/12\/illyrian_tailor_black_Kreslic\u00ed-pl\u00e1tno-1_Kreslic\u00ed-pl\u00e1tno-1_Kreslic\u00ed-pl\u00e1tno-1.png"},"url":"https:\/\/illyriantailor.com\/english\/author\/vanja\/"}]}},"_links":{"self":[{"href":"https:\/\/illyriantailor.com\/english\/wp-json\/wp\/v2\/posts\/5563","targetHints":{"allow":["GET"]}}],"collection":[{"href":"https:\/\/illyriantailor.com\/english\/wp-json\/wp\/v2\/posts"}],"about":[{"href":"https:\/\/illyriantailor.com\/english\/wp-json\/wp\/v2\/types\/post"}],"author":[{"embeddable":true,"href":"https:\/\/illyriantailor.com\/english\/wp-json\/wp\/v2\/users\/1"}],"replies":[{"embeddable":true,"href":"https:\/\/illyriantailor.com\/english\/wp-json\/wp\/v2\/comments?post=5563"}],"version-history":[{"count":1217,"href":"https:\/\/illyriantailor.com\/english\/wp-json\/wp\/v2\/posts\/5563\/revisions"}],"predecessor-version":[{"id":6886,"href":"https:\/\/illyriantailor.com\/english\/wp-json\/wp\/v2\/posts\/5563\/revisions\/6886"}],"wp:featuredmedia":[{"embeddable":true,"href":"https:\/\/illyriantailor.com\/english\/wp-json\/wp\/v2\/media\/5965"}],"wp:attachment":[{"href":"https:\/\/illyriantailor.com\/english\/wp-json\/wp\/v2\/media?parent=5563"}],"wp:term":[{"taxonomy":"category","embeddable":true,"href":"https:\/\/illyriantailor.com\/english\/wp-json\/wp\/v2\/categories?post=5563"},{"taxonomy":"post_tag","embeddable":true,"href":"https:\/\/illyriantailor.com\/english\/wp-json\/wp\/v2\/tags?post=5563"}],"curies":[{"name":"wp","href":"https:\/\/api.w.org\/{rel}","templated":true}]}}